{"id":14498,"date":"2015-04-10T15:24:13","date_gmt":"2015-04-10T20:24:13","guid":{"rendered":"https:\/\/radiowebmx.com\/nota\/?p=14498"},"modified":"2015-04-10T15:24:13","modified_gmt":"2015-04-10T20:24:13","slug":"productores-locales-y-nacionales-con-chon-orihuela","status":"publish","type":"post","link":"https:\/\/radiowebmx.com\/nota\/productores-locales-y-nacionales-con-chon-orihuela\/","title":{"rendered":"PRODUCTORES LOCALES Y NACIONALES CON  CHON ORIHUELA"},"content":{"rendered":"<p>Los empresarios y productores m\u00e1s importantes de Michoac\u00e1n y M\u00e9xico se suman decididamente al proyecto que encabeza Chon Orihuela al gobierno del estado. Apenas en el primer d\u00eda de su campa\u00f1a, un nutrido grupo de aguacateros lo hicieron adem\u00e1s de reconocer la trayectoria del candidato del PRI y en esta ocasi\u00f3n fueron productores de berries, as\u00ed como ganaderos.<\/p>\n<p>&nbsp;<\/p>\n<p>De esta manera, los ganaderos del municipio de La Piedad y productores de berries del valle de Zamora, externaron su confianza en las acciones que como gobernador puede llevar a cabo el tambi\u00e9n abanderado del Partido Verde.<\/p>\n<p>&nbsp;<\/p>\n<p>Para los propios productores, fue de desatacar la importancia de demostrar las cosas con hechos, por lo que recordaron que fue Chon Orihuela quien abri\u00f3 la posibilidad de exportaci\u00f3n del aguacate hacia Estados Unidos y en la actualidad somos l\u00edderes en producci\u00f3n mundial.<\/p>\n<p>&nbsp;<\/p>\n<p>Tambi\u00e9n recordaron que ya en sus gestiones como senador de la Rep\u00fablica, fue un fuerte impulsor del primer embarque internacional de la guayaba. As\u00ed que al ser l\u00edderes productores de diversas frutas, la confianza est\u00e1 en Chon Orihuela para el desarrollo del campo y en consecuencia de todo el territorio michoacano.<\/p>\n<p>&nbsp;<\/p>\n<p>De hecho, comentaron que al ser Chon Orihuela alguien que tambi\u00e9n se dedica a las labores del campo, ser\u00e1 un fuerte impulsor de las acciones para mejorar las condiciones de trabajo y de vida de ellos, pues escucharon del candidato su propuesta de impulso a la agroindustria, lo que les pareci\u00f3 acertado para evitar desperdicios de sus cosechas.<\/p>\n<p>&nbsp;<\/p>\n<p>Y es que en ese sentido, Chon Orihuela s\u00ed enfatiz\u00f3 que al apostar a la agroindustria, se podr\u00edan elaborar una serie de productos con la fruta que ya no se puede exportar y que servir\u00eda de ingresos adicionales a los trabajadores del campo. Como ejemplo habl\u00f3 de mermeladas.<\/p>\n<p>&nbsp;<\/p>\n<p>&nbsp;<\/p>\n","protected":false},"excerpt":{"rendered":"<p>Los empresarios y productores m\u00e1s importantes de Michoac\u00e1n y M\u00e9xico se suman decididamente al proyecto que encabeza Chon Orihuela al gobierno del estado. Apenas en el primer d\u00eda de su campa\u00f1a, <\/p>\n","protected":false},"author":1,"featured_media":14499,"comment_status":"open","ping_status":"open","sticky":false,"template":"","format":"standard","meta":{"footnotes":""},"categories":[14,11,12],"tags":[],"class_list":["post-14498","post","type-post","status-publish","format-standard","has-post-thumbnail","hentry","category-destacadas","category-partidos-politicos","category-pri"],"_links":{"self":[{"href":"https:\/\/radiowebmx.com\/nota\/wp-json\/wp\/v2\/posts\/14498","targetHints":{"allow":["GET"]}}],"collection":[{"href":"https:\/\/radiowebmx.com\/nota\/wp-json\/wp\/v2\/posts"}],"about":[{"href":"https:\/\/radiowebmx.com\/nota\/wp-json\/wp\/v2\/types\/post"}],"author":[{"embeddable":true,"href":"https:\/\/radiowebmx.com\/nota\/wp-json\/wp\/v2\/users\/1"}],"replies":[{"embeddable":true,"href":"https:\/\/radiowebmx.com\/nota\/wp-json\/wp\/v2\/comments?post=14498"}],"version-history":[{"count":2,"href":"https:\/\/radiowebmx.com\/nota\/wp-json\/wp\/v2\/posts\/14498\/revisions"}],"predecessor-version":[{"id":14501,"href":"https:\/\/radiowebmx.com\/nota\/wp-json\/wp\/v2\/posts\/14498\/revisions\/14501"}],"wp:featuredmedia":[{"embeddable":true,"href":"https:\/\/radiowebmx.com\/nota\/wp-json\/wp\/v2\/media\/14499"}],"wp:attachment":[{"href":"https:\/\/radiowebmx.com\/nota\/wp-json\/wp\/v2\/media?parent=14498"}],"wp:term":[{"taxonomy":"category","embeddable":true,"href":"https:\/\/radiowebmx.com\/nota\/wp-json\/wp\/v2\/categories?post=14498"},{"taxonomy":"post_tag","embeddable":true,"href":"https:\/\/radiowebmx.com\/nota\/wp-json\/wp\/v2\/tags?post=14498"}],"curies":[{"name":"wp","href":"https:\/\/api.w.org\/{rel}","templated":true}]}}