{"id":14491,"date":"2015-04-09T14:23:59","date_gmt":"2015-04-09T19:23:59","guid":{"rendered":"https:\/\/radiowebmx.com\/nota\/?p=14491"},"modified":"2015-04-09T14:23:59","modified_gmt":"2015-04-09T19:23:59","slug":"relevo-institucional-en-la-secretaria-de-obras-publicas%e2%80%8f","status":"publish","type":"post","link":"https:\/\/radiowebmx.com\/nota\/relevo-institucional-en-la-secretaria-de-obras-publicas%e2%80%8f\/","title":{"rendered":"RELEVO INSTITUCIONAL EN LA SECRETAR\u00cdA DE OBRAS P\u00daBLICAS\u200f"},"content":{"rendered":"<p>El alcalde Salvador Abud Mirabent entreg\u00f3 el nombramiento de Secretario de Obras P\u00fablicas, al ingeniero Juan Jos\u00e9 Tavera Hern\u00e1ndez, quien releva a Gustavo Moriel Armend\u00e1riz, funcionario que se incorpora como asesor de la Presidencia de Morelia en materia de obra p\u00fablica.<\/p>\n","protected":false},"excerpt":{"rendered":"<p>El alcalde Salvador Abud Mirabent entreg\u00f3 el nombramiento de Secretario de Obras P\u00fablicas, al ingeniero Juan Jos\u00e9 Tavera Hern\u00e1ndez, quien releva a Gustavo Moriel Armend\u00e1riz, funcionario que se incorpora como asesor de la Presidencia de Morelia en materia de obra p\u00fablica.<\/p>\n","protected":false},"author":1,"featured_media":14492,"comment_status":"open","ping_status":"open","sticky":false,"template":"","format":"standard","meta":{"footnotes":""},"categories":[14,9],"tags":[],"class_list":["post-14491","post","type-post","status-publish","format-standard","has-post-thumbnail","hentry","category-destacadas","category-morelia"],"_links":{"self":[{"href":"https:\/\/radiowebmx.com\/nota\/wp-json\/wp\/v2\/posts\/14491","targetHints":{"allow":["GET"]}}],"collection":[{"href":"https:\/\/radiowebmx.com\/nota\/wp-json\/wp\/v2\/posts"}],"about":[{"href":"https:\/\/radiowebmx.com\/nota\/wp-json\/wp\/v2\/types\/post"}],"author":[{"embeddable":true,"href":"https:\/\/radiowebmx.com\/nota\/wp-json\/wp\/v2\/users\/1"}],"replies":[{"embeddable":true,"href":"https:\/\/radiowebmx.com\/nota\/wp-json\/wp\/v2\/comments?post=14491"}],"version-history":[{"count":1,"href":"https:\/\/radiowebmx.com\/nota\/wp-json\/wp\/v2\/posts\/14491\/revisions"}],"predecessor-version":[{"id":14493,"href":"https:\/\/radiowebmx.com\/nota\/wp-json\/wp\/v2\/posts\/14491\/revisions\/14493"}],"wp:featuredmedia":[{"embeddable":true,"href":"https:\/\/radiowebmx.com\/nota\/wp-json\/wp\/v2\/media\/14492"}],"wp:attachment":[{"href":"https:\/\/radiowebmx.com\/nota\/wp-json\/wp\/v2\/media?parent=14491"}],"wp:term":[{"taxonomy":"category","embeddable":true,"href":"https:\/\/radiowebmx.com\/nota\/wp-json\/wp\/v2\/categories?post=14491"},{"taxonomy":"post_tag","embeddable":true,"href":"https:\/\/radiowebmx.com\/nota\/wp-json\/wp\/v2\/tags?post=14491"}],"curies":[{"name":"wp","href":"https:\/\/api.w.org\/{rel}","templated":true}]}}