{"id":14485,"date":"2015-04-09T14:13:39","date_gmt":"2015-04-09T19:13:39","guid":{"rendered":"https:\/\/radiowebmx.com\/nota\/?p=14485"},"modified":"2015-04-09T14:13:39","modified_gmt":"2015-04-09T19:13:39","slug":"morelia-buscara-la-presidencia-de-la-red-mexicana-de-ciudades-educadoras%e2%80%8f","status":"publish","type":"post","link":"https:\/\/radiowebmx.com\/nota\/morelia-buscara-la-presidencia-de-la-red-mexicana-de-ciudades-educadoras%e2%80%8f\/","title":{"rendered":"MORELIA BUSCARA LA PRESIDENCIA DE LA RED MEXICANA DE CIUDADES EDUCADORAS\u200f"},"content":{"rendered":"<p>Por unanimidad, el Cabildo de Morelia autoriz\u00f3 a la ciudad de Morelia para registrarse como aspirante a presidir la Red Mexicana de Ciudades Educadoras, de la que forma parte desde el a\u00f1o 2012 y que la integran 16 municipios m\u00e1s.<\/p>\n<p>&nbsp;<\/p>\n<p>Por su trayectoria en el impulso a la educaci\u00f3n local y sus exitosas experiencias presentadas, Morelia cubre los requisitos para competir por la dirigencia de esta asociaci\u00f3n.<\/p>\n<p>&nbsp;<\/p>\n<p>El certamen se realizar\u00e1 en el marco del 3er Encuentro de Ciudades Educadoras de M\u00e9xico, Centro Am\u00e9rica y el Caribe programado para los d\u00edas 23 y 24 de abril, en la ciudad de Toluca, Estado de M\u00e9xico.<\/p>\n<p>&nbsp;<\/p>\n<p>Tras el respaldo y aprobaci\u00f3n del m\u00e1ximo \u00f3rgano colegiado, el presidente municipal, Salvador Abud Mirabent\u00a0 coment\u00f3 que al ser ciudad educadora, Morelia \u00a0ha impregnado una pol\u00edtica p\u00fablica de unir a la ciudadan\u00eda provocando con ello una mejor convivencia entre los habitantes de este municipio con responsabilidad y compromiso por el bien com\u00fan.<\/p>\n<p>&nbsp;<\/p>\n<p>En sesi\u00f3n ordinaria, el Cabildo de Morelia presidido por el presidente Abud Mirabent, tambi\u00e9n tom\u00f3 protesta a Alma Janet Zarco Garc\u00eda como regidora suplente de Martha Patricia Medina Garibay. Asimismo, la regidora Leticia Farf\u00e1n V\u00e1zquez se reintegr\u00f3 a sus funciones tras una licencia temporal.<\/p>\n<p>&nbsp;<\/p>\n<p>Finalmente, se turn\u00f3 a las comisiones de trabajo de Hacienda, Financiamiento y Patrimonio el escrito presentado por el Cardenal Alberto Su\u00e1rez Inda mediante el cual avala la petici\u00f3n de donaci\u00f3n de un \u00e1rea municipal, presentada por el p\u00e1rroco de Santiago Undameo, de los colonos del fraccionamiento San Pedro, y de la empresa Desarrollo Inmobiliario Coitnzio S.A de C.V. con la finalidad de establecer un centro de culto p\u00fablico cat\u00f3lico.<\/p>\n","protected":false},"excerpt":{"rendered":"<p>Por unanimidad, el Cabildo de Morelia autoriz\u00f3 a la ciudad de Morelia para registrarse como aspirante a presidir la Red Mexicana de Ciudades Educadoras, de la que forma parte desde el a\u00f1o 2012 y que la integran 16 municipios m\u00e1s.<\/p>\n","protected":false},"author":1,"featured_media":14486,"comment_status":"open","ping_status":"open","sticky":false,"template":"","format":"standard","meta":{"footnotes":""},"categories":[14,9],"tags":[],"class_list":["post-14485","post","type-post","status-publish","format-standard","has-post-thumbnail","hentry","category-destacadas","category-morelia"],"_links":{"self":[{"href":"https:\/\/radiowebmx.com\/nota\/wp-json\/wp\/v2\/posts\/14485","targetHints":{"allow":["GET"]}}],"collection":[{"href":"https:\/\/radiowebmx.com\/nota\/wp-json\/wp\/v2\/posts"}],"about":[{"href":"https:\/\/radiowebmx.com\/nota\/wp-json\/wp\/v2\/types\/post"}],"author":[{"embeddable":true,"href":"https:\/\/radiowebmx.com\/nota\/wp-json\/wp\/v2\/users\/1"}],"replies":[{"embeddable":true,"href":"https:\/\/radiowebmx.com\/nota\/wp-json\/wp\/v2\/comments?post=14485"}],"version-history":[{"count":1,"href":"https:\/\/radiowebmx.com\/nota\/wp-json\/wp\/v2\/posts\/14485\/revisions"}],"predecessor-version":[{"id":14487,"href":"https:\/\/radiowebmx.com\/nota\/wp-json\/wp\/v2\/posts\/14485\/revisions\/14487"}],"wp:featuredmedia":[{"embeddable":true,"href":"https:\/\/radiowebmx.com\/nota\/wp-json\/wp\/v2\/media\/14486"}],"wp:attachment":[{"href":"https:\/\/radiowebmx.com\/nota\/wp-json\/wp\/v2\/media?parent=14485"}],"wp:term":[{"taxonomy":"category","embeddable":true,"href":"https:\/\/radiowebmx.com\/nota\/wp-json\/wp\/v2\/categories?post=14485"},{"taxonomy":"post_tag","embeddable":true,"href":"https:\/\/radiowebmx.com\/nota\/wp-json\/wp\/v2\/tags?post=14485"}],"curies":[{"name":"wp","href":"https:\/\/api.w.org\/{rel}","templated":true}]}}