{"id":14474,"date":"2015-04-09T13:54:22","date_gmt":"2015-04-09T18:54:22","guid":{"rendered":"https:\/\/radiowebmx.com\/nota\/?p=14474"},"modified":"2015-04-09T13:54:22","modified_gmt":"2015-04-09T18:54:22","slug":"se-reunen-maria-de-la-luz-y-el-cardenal-suarez-inda-2","status":"publish","type":"post","link":"https:\/\/radiowebmx.com\/nota\/se-reunen-maria-de-la-luz-y-el-cardenal-suarez-inda-2\/","title":{"rendered":"Se re\u00fanen Mar\u00eda de la Luz y el cardenal Su\u00e1rez Inda"},"content":{"rendered":"<p>La ma\u00f1ana de este martes, Mar\u00eda de la Luz N\u00fa\u00f1ez Ramos, candidata al gobierno de Michoac\u00e1n por el Partido MORENA, realiz\u00f3 una visita de cortes\u00eda al cardenal michoacano Alberto Su\u00e1rez Inda, a quien solicit\u00f3 que a trav\u00e9s de su calidad moral, invite a la sociedad a votar, independientemente del candidato o partido que se trate.<\/p>\n<p>&nbsp;<\/p>\n<p>\u201cSoy una candidata respetuosa y congruente, una fiel seguidora de los principios liberales, de la separaci\u00f3n de las funciones del estado y de las iglesias. Al C\u00e9sar lo que es del C\u00e9sar y a Dios lo de Dios. En caso de que la soberan\u00eda popular me respalde esta ser\u00e1 una norma inequ\u00edvoca de relaci\u00f3n\u201d, expres\u00f3 Mar\u00eda de la Luz a Monse\u00f1or.<\/p>\n<p>&nbsp;<\/p>\n<p>Asimismo, le entreg\u00f3 una carta en la que destaca que Michoac\u00e1n reclama una nueva \u00e9tica para construir el tejido social del renacimiento michoacano, de su resurrecci\u00f3n. Y que en su persona se pueden identificar los anhelos de paz, de seguridad, de honestidad, de empleo, justicia, educaci\u00f3n y salud.<\/p>\n<p>&nbsp;<\/p>\n<p>\u201cMonse\u00f1or: durante mi campa\u00f1a me dedicar\u00e9 a marchar por los caminos de Michoac\u00e1n, en una campa\u00f1a por tierra y por aire, en los medios y en los hogares, para vencer a la indiferencia y al abstencionismo, a la desilusi\u00f3n; para convencer de que el voto es un arma de lucha pac\u00edfica y la \u00fanica v\u00eda, la mas inmediata y positiva para realizar esa que ha dicho usted &#8216;una nueva oportunidad y esperanza para tener un Michoac\u00e1n diferente&#8217;. Este ser\u00e1 el milagro y la resurrecci\u00f3n de los millones de electores.<\/p>\n<p>&nbsp;<\/p>\n<p>Tengo la convicci\u00f3n de que con los partidos y los candidatos usted y los sacerdotes, todos los ministros de todos los cultos, pueden desempe\u00f1ar un excelente papel motivando a los ciudadanos a participar.<\/p>\n<p>&nbsp;<\/p>\n<p>Somos sujetos de derecho. Yo me apegar\u00e9 religiosamente a los mandamientos del la ley del hombre en materia electoral. A ustedes La Ley General en materia de Delitos Electorales tambi\u00e9n los obliga en su art\u00edculo 16 que dice que se impondr\u00e1n de cien hasta quinientos d\u00edas multa a los ministros de culto religioso que en el desarrollo de actos propios de su ministerio, o a quien en el ejercicio del culto religioso, presionen el sentido del voto o induzcan expresamente al electorado a votar o abstenerse de votar por un candidato, partido pol\u00edtico o coalici\u00f3n.<\/p>\n<p>&nbsp;<\/p>\n<p>Ustedes tienen derecho activo de voto y sobre todo est\u00e1n investidos por la sociedad creyente de autoridad moral. Son inmensos los campos de colaboraci\u00f3n para lograr un proceso participativo, para la honestidad electoral, el respeto mutuo, la competencia en convivencia plural y pac\u00edfica, para moderar la opulencia y frenar el dispendio y sobre todo para resolver el mal de males, la calamidad del desempleo y la cultura de la violencia\u201d.<\/p>\n<p>&nbsp;<\/p>\n<p>Su\u00e1rez Inda y Mar\u00eda de la Luz coincidieron plenamente en que se debe fomentar la participaci\u00f3n, y que las campa\u00f1as pol\u00edticas deben ser austeras, casa por casa, porque m\u00e1s all\u00e1 de que la gente conozca a los candidatos, son los candidatos, futuros gobernantes, quienes deben conocer a la gente.<\/p>\n<p>&nbsp;<\/p>\n<p>&nbsp;<\/p>\n","protected":false},"excerpt":{"rendered":"<p>La ma\u00f1ana de este martes, Mar\u00eda de la Luz N\u00fa\u00f1ez Ramos, candidata al gobierno de Michoac\u00e1n por el Partido MORENA, realiz\u00f3 una visita de cortes\u00eda al cardenal michoacano Alberto Su\u00e1rez Inda, a quien solicit\u00f3 que a trav\u00e9s de su calidad moral, invite a la sociedad a votar, <\/p>\n","protected":false},"author":1,"featured_media":0,"comment_status":"open","ping_status":"open","sticky":false,"template":"","format":"standard","meta":{"footnotes":""},"categories":[11],"tags":[],"class_list":["post-14474","post","type-post","status-publish","format-standard","hentry","category-partidos-politicos"],"_links":{"self":[{"href":"https:\/\/radiowebmx.com\/nota\/wp-json\/wp\/v2\/posts\/14474","targetHints":{"allow":["GET"]}}],"collection":[{"href":"https:\/\/radiowebmx.com\/nota\/wp-json\/wp\/v2\/posts"}],"about":[{"href":"https:\/\/radiowebmx.com\/nota\/wp-json\/wp\/v2\/types\/post"}],"author":[{"embeddable":true,"href":"https:\/\/radiowebmx.com\/nota\/wp-json\/wp\/v2\/users\/1"}],"replies":[{"embeddable":true,"href":"https:\/\/radiowebmx.com\/nota\/wp-json\/wp\/v2\/comments?post=14474"}],"version-history":[{"count":1,"href":"https:\/\/radiowebmx.com\/nota\/wp-json\/wp\/v2\/posts\/14474\/revisions"}],"predecessor-version":[{"id":14475,"href":"https:\/\/radiowebmx.com\/nota\/wp-json\/wp\/v2\/posts\/14474\/revisions\/14475"}],"wp:attachment":[{"href":"https:\/\/radiowebmx.com\/nota\/wp-json\/wp\/v2\/media?parent=14474"}],"wp:term":[{"taxonomy":"category","embeddable":true,"href":"https:\/\/radiowebmx.com\/nota\/wp-json\/wp\/v2\/categories?post=14474"},{"taxonomy":"post_tag","embeddable":true,"href":"https:\/\/radiowebmx.com\/nota\/wp-json\/wp\/v2\/tags?post=14474"}],"curies":[{"name":"wp","href":"https:\/\/api.w.org\/{rel}","templated":true}]}}