{"id":14468,"date":"2015-04-09T13:44:23","date_gmt":"2015-04-09T18:44:23","guid":{"rendered":"https:\/\/radiowebmx.com\/nota\/?p=14468"},"modified":"2015-04-09T13:44:23","modified_gmt":"2015-04-09T18:44:23","slug":"mas-de-15-mil-uruapenses-en-apoyo-de-chon-orihuela","status":"publish","type":"post","link":"https:\/\/radiowebmx.com\/nota\/mas-de-15-mil-uruapenses-en-apoyo-de-chon-orihuela\/","title":{"rendered":"M\u00c1S DE 15 MIL URUAPENSES EN APOYO DE CHON ORIHUELA"},"content":{"rendered":"<p>M\u00e1s de 15 mil habitantes de Uruapan se reunieron para manifestar su apoyo al candidato del Partido Revolucionario Institucional (PRI) al gobierno del estado, Chon Orihuela B\u00e1rcenas, al tiempo de celebrar que su principal intenci\u00f3n sea continuar poniendo orden en el estado para as\u00ed salir adelante.<\/p>\n<p>&nbsp;<\/p>\n<p>En medio de porras y muestras de apoyo de hombres y mujeres convencidos de que Chon Orihuela ser\u00e1 el pr\u00f3ximo gobernador de Michoac\u00e1n, le reconocieron que siempre ha estado al lado de ellos, cumpliendo en todo momento sus compromisos y siempre apegado con la ley.<\/p>\n<p>&nbsp;<\/p>\n<p>En una cancha de f\u00fatbol Inguambal repleta de ciudadanos que llegaron voluntariamente a apoyar al tambi\u00e9n abanderado del Partido Verde al Solio de Ocampo, Chon Orihuela hizo \u00e9nfasis en la necesidad de poner orden en Michoac\u00e1n para que el dinero del estado se invierta en beneficio de los michoacanos, sobre todo en aquellas obras de primera necesidad como son los servicios b\u00e1sicos a la poblaci\u00f3n y trabajar en hacer la diferencia de aquellos que han estado frente al poder y lo \u00fanico\u00a0 que han hecho es llevarse el dinero.<\/p>\n<p>&nbsp;<\/p>\n<p>&#8220;Juntos trabajaremos por el bienestar de Uruapan, ratificaremos el gran trabajo que han venido haciendo los gobernantes priistas en este municipio&#8221;, apunt\u00f3 agradeciendo la gran convocatoria que hizo el priismo este d\u00eda\u00a0 al logar reunir a \u00a0sectores de j\u00f3venes, mujeres, campesinos, obreros de dicho municipio, as\u00ed como personas de las colonias populares y zonas aleda\u00f1as a la cabecera municipal.<\/p>\n<p>&nbsp;<\/p>\n<p>Por lo que convoc\u00f3 a los ciudadanos a sumarse a la mejor f\u00f3rmula para gobernar Michoac\u00e1n que es la que tiene el PRI a trav\u00e9s de sus candidatos, los cuales indic\u00f3 buscar\u00e1n dar respuesta a la poblaci\u00f3n con trabajo coordinado que conlleve al desarrollo\u00a0 de la entidad, aprovechando los recursos para que se avoquen en servicios para las familias y que Michoac\u00e1n se convierta en el estado que merece ser.<\/p>\n<p>&nbsp;<\/p>\n<p>Ante ello\u00a0 explic\u00f3 que se requiere de un gobierno que dedique los gastos p\u00fablicos para atender a la gente que demanda mejores condiciones de vida, y &#8220;s\u00f3lo\u00a0 poniendo orden en Michoac\u00e1n vamos a poder apoyar a las jefas de familia para que tengan mejores condiciones de trabajo y puedan atender a sus hijos, que haya m\u00e1s fuentes de empleo, vamos a trabajar en coordinaci\u00f3n con los empresarios en las agroindustrias&#8221;, asever\u00f3, pidiendo el\u00a0 apoyo de la gente para que otorgue su voto a los candidatos del PRI en Michoac\u00e1n y &#8220;jug\u00e1rsela juntos con la gente de Michoac\u00e1n&#8221;.<\/p>\n<p>&nbsp;<\/p>\n","protected":false},"excerpt":{"rendered":"<p>M\u00e1s de 15 mil habitantes de Uruapan se reunieron para manifestar su apoyo al candidato del Partido Revolucionario Institucional (PRI) al gobierno del estado, Chon Orihuela B\u00e1rcenas, al tiempo de celebrar que su principal intenci\u00f3n sea continuar poniendo orden en el estado para as\u00ed salir adelante.<\/p>\n","protected":false},"author":1,"featured_media":14469,"comment_status":"open","ping_status":"open","sticky":false,"template":"","format":"standard","meta":{"footnotes":""},"categories":[14,11,12],"tags":[],"class_list":["post-14468","post","type-post","status-publish","format-standard","has-post-thumbnail","hentry","category-destacadas","category-partidos-politicos","category-pri"],"_links":{"self":[{"href":"https:\/\/radiowebmx.com\/nota\/wp-json\/wp\/v2\/posts\/14468","targetHints":{"allow":["GET"]}}],"collection":[{"href":"https:\/\/radiowebmx.com\/nota\/wp-json\/wp\/v2\/posts"}],"about":[{"href":"https:\/\/radiowebmx.com\/nota\/wp-json\/wp\/v2\/types\/post"}],"author":[{"embeddable":true,"href":"https:\/\/radiowebmx.com\/nota\/wp-json\/wp\/v2\/users\/1"}],"replies":[{"embeddable":true,"href":"https:\/\/radiowebmx.com\/nota\/wp-json\/wp\/v2\/comments?post=14468"}],"version-history":[{"count":1,"href":"https:\/\/radiowebmx.com\/nota\/wp-json\/wp\/v2\/posts\/14468\/revisions"}],"predecessor-version":[{"id":14470,"href":"https:\/\/radiowebmx.com\/nota\/wp-json\/wp\/v2\/posts\/14468\/revisions\/14470"}],"wp:featuredmedia":[{"embeddable":true,"href":"https:\/\/radiowebmx.com\/nota\/wp-json\/wp\/v2\/media\/14469"}],"wp:attachment":[{"href":"https:\/\/radiowebmx.com\/nota\/wp-json\/wp\/v2\/media?parent=14468"}],"wp:term":[{"taxonomy":"category","embeddable":true,"href":"https:\/\/radiowebmx.com\/nota\/wp-json\/wp\/v2\/categories?post=14468"},{"taxonomy":"post_tag","embeddable":true,"href":"https:\/\/radiowebmx.com\/nota\/wp-json\/wp\/v2\/tags?post=14468"}],"curies":[{"name":"wp","href":"https:\/\/api.w.org\/{rel}","templated":true}]}}