{"id":14465,"date":"2015-04-09T13:42:07","date_gmt":"2015-04-09T18:42:07","guid":{"rendered":"https:\/\/radiowebmx.com\/nota\/?p=14465"},"modified":"2015-04-09T13:42:07","modified_gmt":"2015-04-09T18:42:07","slug":"lmch-en-calles-de-morelia-y-audio-de-entrevista%e2%80%8f","status":"publish","type":"post","link":"https:\/\/radiowebmx.com\/nota\/lmch-en-calles-de-morelia-y-audio-de-entrevista%e2%80%8f\/","title":{"rendered":"LMCH EN CALLES DE MORELIA Y AUDIO DE ENTREVISTA\u200f"},"content":{"rendered":"<p>Poniendo en pr\u00e1ctica uno de los valores con los que trabajar\u00e1 al llegar al Gobierno del Estado, \u201cla cercan\u00eda\u201d la tarde de este mi\u00e9rcoles, la candidata albiazul, Luisa Mar\u00eda Calder\u00f3n Hinojosa visit\u00f3 las calles de la colonia Carlos Salazar de la ciudad de Morelia a fin de escuchar las necesidades de los habitantes, quienes enfatizaron en los problemas de inundaci\u00f3n de la zona y los da\u00f1os que ocasiona a sus viviendas, adem\u00e1s de resaltar la falta de compromisos cumplidos por parte de los gobiernos anteriores.<\/p>\n<p>&nbsp;<\/p>\n","protected":false},"excerpt":{"rendered":"<p>Poniendo en pr\u00e1ctica uno de los valores con los que trabajar\u00e1 al llegar al Gobierno del Estado, \u201cla cercan\u00eda\u201d la tarde de este mi\u00e9rcoles, la candidata albiazul, Luisa Mar\u00eda Calder\u00f3n Hinojosa visit\u00f3 las calles de la colonia Carlos Salazar de la ciudad de Morelia <\/p>\n","protected":false},"author":1,"featured_media":14466,"comment_status":"open","ping_status":"open","sticky":false,"template":"","format":"standard","meta":{"footnotes":""},"categories":[14,13,11],"tags":[],"class_list":["post-14465","post","type-post","status-publish","format-standard","has-post-thumbnail","hentry","category-destacadas","category-pan","category-partidos-politicos"],"_links":{"self":[{"href":"https:\/\/radiowebmx.com\/nota\/wp-json\/wp\/v2\/posts\/14465","targetHints":{"allow":["GET"]}}],"collection":[{"href":"https:\/\/radiowebmx.com\/nota\/wp-json\/wp\/v2\/posts"}],"about":[{"href":"https:\/\/radiowebmx.com\/nota\/wp-json\/wp\/v2\/types\/post"}],"author":[{"embeddable":true,"href":"https:\/\/radiowebmx.com\/nota\/wp-json\/wp\/v2\/users\/1"}],"replies":[{"embeddable":true,"href":"https:\/\/radiowebmx.com\/nota\/wp-json\/wp\/v2\/comments?post=14465"}],"version-history":[{"count":1,"href":"https:\/\/radiowebmx.com\/nota\/wp-json\/wp\/v2\/posts\/14465\/revisions"}],"predecessor-version":[{"id":14467,"href":"https:\/\/radiowebmx.com\/nota\/wp-json\/wp\/v2\/posts\/14465\/revisions\/14467"}],"wp:featuredmedia":[{"embeddable":true,"href":"https:\/\/radiowebmx.com\/nota\/wp-json\/wp\/v2\/media\/14466"}],"wp:attachment":[{"href":"https:\/\/radiowebmx.com\/nota\/wp-json\/wp\/v2\/media?parent=14465"}],"wp:term":[{"taxonomy":"category","embeddable":true,"href":"https:\/\/radiowebmx.com\/nota\/wp-json\/wp\/v2\/categories?post=14465"},{"taxonomy":"post_tag","embeddable":true,"href":"https:\/\/radiowebmx.com\/nota\/wp-json\/wp\/v2\/tags?post=14465"}],"curies":[{"name":"wp","href":"https:\/\/api.w.org\/{rel}","templated":true}]}}