{"id":14446,"date":"2015-04-08T13:34:46","date_gmt":"2015-04-08T18:34:46","guid":{"rendered":"https:\/\/radiowebmx.com\/nota\/?p=14446"},"modified":"2015-04-08T13:34:46","modified_gmt":"2015-04-08T18:34:46","slug":"maria-de-la-luz-lanza-observacion-y-propuestas-al-iem","status":"publish","type":"post","link":"https:\/\/radiowebmx.com\/nota\/maria-de-la-luz-lanza-observacion-y-propuestas-al-iem\/","title":{"rendered":"Mar\u00eda de la Luz lanza observaci\u00f3n y propuestas al IEM"},"content":{"rendered":"<p>En rueda de prensa, Mar\u00eda de la Luz N\u00fa\u00f1ez Ramos, candidata a la gubernatura del estado por el Partido MORENA, dio a conocer el compendio de legislaci\u00f3n electoral y de los Sentimientos de la Naci\u00f3n<\/p>\n<p>que entreg\u00f3 al doctor Ram\u00f3n Hern\u00e1ndez Reyes, Presidente Consejero del Instituto Estatal Electoral de Michoac\u00e1n (IEM), y que ha jurado convertir en su pacto con Michoac\u00e1n.<\/p>\n<p>&nbsp;<\/p>\n<p>\u201cCon respeto y afecto me permit\u00ed presentar ante nuestra suprema autoridad ejecutiva electoral una observaci\u00f3n, dos propuestas y una solicitud de precisi\u00f3n\u201d, dijo Mar\u00eda de la Luz.<\/p>\n<p>&nbsp;<\/p>\n<p>\u201cEn primer lugar me parece impropia la observaci\u00f3n general a todos los partidos y a los seis candidatos, sobre los posibiles excesos en los gastos de precampa\u00f1a pues en nuestro caso ni siquiera hicimos precampa\u00f1a. Les pido declarar menos y esmerarse mucho m\u00e1s en desempe\u00f1ar con excelencia sus funciones\u201d.<\/p>\n<p>&nbsp;<\/p>\n<p>De manera textual, la candidata expuso las dos propuestas presentadas ante el IEM:<\/p>\n<p>&nbsp;<\/p>\n<p>1.-Sobre la inquietud ciudadana relacionada con el estado de salud de los candidatos, propongo al IEM que designe a una o dos instituciones de salud p\u00fablica para que nos realice los chequeos que permitan a la sociedad conocer la salud de cada uno de nosotros.<b><\/b><\/p>\n<p><b>\u00a0<\/b><\/p>\n<p>2.- Que el Instituto elabore un formulario para que los candidatos elaboremos nuestra Declaraci\u00f3n Patrimonial, el origien de nuestros bienes y los de los familiares cercanos o dependientes.<\/p>\n<p>&nbsp;<\/p>\n<p>Asimismo, puso de manifiesto la necesidad una precision jur\u00eddica necesaria: la prohibici\u00f3n a los funcionarios a intervenir en las elecciones, en actos de proselitismo, en general en actividades de campa\u00f1a, y su validez para todos los d\u00edas de la misma.<\/p>\n<p>&nbsp;<\/p>\n<p>\u201c\u00bfPodr\u00eda el Gobernador del Estado, los integrantes del gabinete, los alcaldes y ediles o incluso las autoridades estatales de otras entidades y federales participar en actos de campa\u00f1a, mitines, manifestaciones, disponer de recursos durante los fines de semana? \u00bfPodr\u00eda el Presidente de los Estados Unidos Mexicanos venir a Michoac\u00e1n a participar en actos de campa\u00f1a de los candidatos de su partido?<\/p>\n<p>Quedo en espera de su respuesta\u201d.<\/p>\n<p>\u00ad\u00ad<\/p>\n","protected":false},"excerpt":{"rendered":"<p>En rueda de prensa, Mar\u00eda de la Luz N\u00fa\u00f1ez Ramos, candidata a la gubernatura del estado por el Partido MORENA, dio a conocer el compendio de legislaci\u00f3n electoral y de los Sentimientos de la Naci\u00f3n<\/p>\n","protected":false},"author":1,"featured_media":14447,"comment_status":"open","ping_status":"open","sticky":false,"template":"","format":"standard","meta":{"footnotes":""},"categories":[14,11],"tags":[],"class_list":["post-14446","post","type-post","status-publish","format-standard","has-post-thumbnail","hentry","category-destacadas","category-partidos-politicos"],"_links":{"self":[{"href":"https:\/\/radiowebmx.com\/nota\/wp-json\/wp\/v2\/posts\/14446","targetHints":{"allow":["GET"]}}],"collection":[{"href":"https:\/\/radiowebmx.com\/nota\/wp-json\/wp\/v2\/posts"}],"about":[{"href":"https:\/\/radiowebmx.com\/nota\/wp-json\/wp\/v2\/types\/post"}],"author":[{"embeddable":true,"href":"https:\/\/radiowebmx.com\/nota\/wp-json\/wp\/v2\/users\/1"}],"replies":[{"embeddable":true,"href":"https:\/\/radiowebmx.com\/nota\/wp-json\/wp\/v2\/comments?post=14446"}],"version-history":[{"count":2,"href":"https:\/\/radiowebmx.com\/nota\/wp-json\/wp\/v2\/posts\/14446\/revisions"}],"predecessor-version":[{"id":14449,"href":"https:\/\/radiowebmx.com\/nota\/wp-json\/wp\/v2\/posts\/14446\/revisions\/14449"}],"wp:featuredmedia":[{"embeddable":true,"href":"https:\/\/radiowebmx.com\/nota\/wp-json\/wp\/v2\/media\/14447"}],"wp:attachment":[{"href":"https:\/\/radiowebmx.com\/nota\/wp-json\/wp\/v2\/media?parent=14446"}],"wp:term":[{"taxonomy":"category","embeddable":true,"href":"https:\/\/radiowebmx.com\/nota\/wp-json\/wp\/v2\/categories?post=14446"},{"taxonomy":"post_tag","embeddable":true,"href":"https:\/\/radiowebmx.com\/nota\/wp-json\/wp\/v2\/tags?post=14446"}],"curies":[{"name":"wp","href":"https:\/\/api.w.org\/{rel}","templated":true}]}}