{"id":14435,"date":"2015-04-08T11:17:59","date_gmt":"2015-04-08T16:17:59","guid":{"rendered":"https:\/\/radiowebmx.com\/nota\/?p=14435"},"modified":"2015-04-08T11:17:59","modified_gmt":"2015-04-08T16:17:59","slug":"candidatos-del-pes-renuncian-a-su-partido-y-se-suman-a-proyecto-de-chon-orihuela","status":"publish","type":"post","link":"https:\/\/radiowebmx.com\/nota\/candidatos-del-pes-renuncian-a-su-partido-y-se-suman-a-proyecto-de-chon-orihuela\/","title":{"rendered":"CANDIDATOS DEL PES RENUNCIAN A SU PARTIDO Y SE SUMAN A PROYECTO DE CHON ORIHUELA."},"content":{"rendered":"<p>Candidatos, consejeros y militantes renunciaron este d\u00eda al Partido Encuentro Social (PES) para sumarse de lleno al proyecto pri\u00edsta del candidato al gobierno del solio de Ocampo, Jos\u00e9 Ascensi\u00f3n Orihuela B\u00e1rcenas.<\/p>\n<p>&nbsp;<\/p>\n<p>As\u00ed lo dio a conocer el ex consejero pol\u00edtico del PES, Carlos Alberto Medina, en una rueda de prensa ofrecida este d\u00eda a los medios de comunicaci\u00f3n.<\/p>\n<p>&nbsp;<\/p>\n<p>Alberto Medina y un grupo de 15 ahora \u00a0exmilitantes entre los que destacan exl\u00edderes del PES, se\u00f1alaron que buscar\u00e1n al abanderado del tricolor por el gobierno de Michoac\u00e1n, Chon Orihuela, para plantearle el proyecto que estos tienen y de esta forma el candidato pri\u00edsta pueda abrirles las puertas y juntar ambos planes de trabajo en pro de los michoacanos.<\/p>\n<p>&nbsp;<\/p>\n<p>El exaspirantes del PES a la Diputaci\u00f3n Federal por P\u00e1tzcuaro, Walter Cazares Guti\u00e9rrez, su suplente, la\u00a0 excandidata por el distrito federal 12 con cabecera en Apatzing\u00e1n, Ana Patricia Gonz\u00e1lez Villalobos, as\u00ed como quien contender\u00eda por el distrito local de Morelia 16 y varios consejeros pol\u00edticos m\u00e1s, expresaron que les agrad\u00f3 el proyecto de gobierno \u201cCaminos de Michoac\u00e1n\u201d que present\u00f3 Orihuela B\u00e1rcenas el pasado domingo.<\/p>\n<p>&nbsp;<\/p>\n<p>Los ahora ex pesistas, reconocieron en el candidato del tricolor a un hombre con el perfil id\u00f3neo porque ha sido funcionario p\u00fablico en diversas ocasiones y ha respondido a la ciudadan\u00eda, y como punto extra a\u00f1adieron que Chon Orihuela conoce todo el estado y sus necesidades.<\/p>\n<p>&nbsp;<\/p>\n<p>El que hasta ayer fue consejero estatal del PES, subray\u00f3 que renuncian al PES por diversas inconsistencias al interior del mismo, dijo que el PES realiz\u00f3 alianzas perversas, haciendo clara referencia a su coalici\u00f3n con el candidato de Godoy, adem\u00e1s de que puntualiz\u00f3 que no hubo congruencia al interior de Encuentro Social y que jam\u00e1s fueron tomados en cuenta.<\/p>\n<p>&nbsp;<\/p>\n<p>Cabe destacar que con esta incursi\u00f3n de ex militantes del PES al proyecto del abanderado pri\u00edsta ratifica que este es incluyente sin importarle los colores, recordemos que a su campa\u00f1a se han sumado gentes de otros partidos pol\u00edticos como, Sarbelio Molina V\u00e9lez, Salvador L\u00f3pez Ordu\u00f1a, Enrique Bautista Villegas, adem\u00e1s de que cuenta con el respaldo de los exgobernadores pri\u00edstas, Carlos Torres Manzo, Ausencio Ch\u00e1vez Hern\u00e1ndez, Genovevo Figueroa Zamudio, V\u00edctor Manuel Tinoco Rub\u00ed y Fausto Vallejo Figueroa.<\/p>\n","protected":false},"excerpt":{"rendered":"<p>Candidatos, consejeros y militantes renunciaron este d\u00eda al Partido Encuentro Social (PES) para sumarse de lleno al proyecto pri\u00edsta del candidato al gobierno del solio de Ocampo, Jos\u00e9 Ascensi\u00f3n Orihuela B\u00e1rcenas.<\/p>\n","protected":false},"author":1,"featured_media":0,"comment_status":"open","ping_status":"open","sticky":false,"template":"","format":"standard","meta":{"footnotes":""},"categories":[11,12],"tags":[],"class_list":["post-14435","post","type-post","status-publish","format-standard","hentry","category-partidos-politicos","category-pri"],"_links":{"self":[{"href":"https:\/\/radiowebmx.com\/nota\/wp-json\/wp\/v2\/posts\/14435","targetHints":{"allow":["GET"]}}],"collection":[{"href":"https:\/\/radiowebmx.com\/nota\/wp-json\/wp\/v2\/posts"}],"about":[{"href":"https:\/\/radiowebmx.com\/nota\/wp-json\/wp\/v2\/types\/post"}],"author":[{"embeddable":true,"href":"https:\/\/radiowebmx.com\/nota\/wp-json\/wp\/v2\/users\/1"}],"replies":[{"embeddable":true,"href":"https:\/\/radiowebmx.com\/nota\/wp-json\/wp\/v2\/comments?post=14435"}],"version-history":[{"count":1,"href":"https:\/\/radiowebmx.com\/nota\/wp-json\/wp\/v2\/posts\/14435\/revisions"}],"predecessor-version":[{"id":14436,"href":"https:\/\/radiowebmx.com\/nota\/wp-json\/wp\/v2\/posts\/14435\/revisions\/14436"}],"wp:attachment":[{"href":"https:\/\/radiowebmx.com\/nota\/wp-json\/wp\/v2\/media?parent=14435"}],"wp:term":[{"taxonomy":"category","embeddable":true,"href":"https:\/\/radiowebmx.com\/nota\/wp-json\/wp\/v2\/categories?post=14435"},{"taxonomy":"post_tag","embeddable":true,"href":"https:\/\/radiowebmx.com\/nota\/wp-json\/wp\/v2\/tags?post=14435"}],"curies":[{"name":"wp","href":"https:\/\/api.w.org\/{rel}","templated":true}]}}