{"id":14426,"date":"2015-04-07T12:45:59","date_gmt":"2015-04-07T17:45:59","guid":{"rendered":"https:\/\/radiowebmx.com\/nota\/?p=14426"},"modified":"2015-04-07T12:47:08","modified_gmt":"2015-04-07T17:47:08","slug":"la-proteccion-de-los-ninos-de-morelia-y-garantizar-la-igualdad-en-oportunidades-para-acceder-al-pleno-desarrollo","status":"publish","type":"post","link":"https:\/\/radiowebmx.com\/nota\/la-proteccion-de-los-ninos-de-morelia-y-garantizar-la-igualdad-en-oportunidades-para-acceder-al-pleno-desarrollo\/","title":{"rendered":"La protecci\u00f3n de los ni\u00f1os de Morelia y garantizar la igualdad en oportunidades para acceder al pleno desarrollo"},"content":{"rendered":"<p>La protecci\u00f3n de los ni\u00f1os de Morelia y garantizar la igualdad en oportunidades para acceder al pleno desarrollo, no s\u00f3lo es obligaci\u00f3n, sino tambi\u00e9n una virtud que nos har\u00e1 trascender como sociedad hacia un mejor ma\u00f1ana, declar\u00f3 Miriam Cruz de Abud, durante la inauguraci\u00f3n del Torneo de Futbol R\u00e1pido, \u201cDeporte s\u00ed, Calle No\u201d<\/p>\n<p>&nbsp;<\/p>\n<p>De este modo, un total de 120 ni\u00f1os morelianos protagonizaron la competencia deportiva que se realiz\u00f3 en las canchas de futbol del Polif\u00f3rum Digital Morelia, con el prop\u00f3sito de fomentar el deporte como medio de recreaci\u00f3n e inspiraci\u00f3n para los ni\u00f1os y ni\u00f1as morelianas.<\/p>\n<p>&nbsp;<\/p>\n<p>Los padres y madres de familia de los ni\u00f1os y adolescentes, cuyas edades oscilan entre los \u00a06 y 16 a\u00f1os, acudieron al Polif\u00f3rum para presenciar la apertura de la justa futbol\u00edstica, durante la cual se dieron cita los reconocidos jugadores de Primera Divisi\u00f3n del equipo local \u201cMonarcas\u201d, Carlos Guzm\u00e1n Fonseca y Jorge Alejandro Zarate Carega, quienes se congratularon de acompa\u00f1ar a los peque\u00f1os.<\/p>\n<p>&nbsp;<\/p>\n<p>Durante la inauguraci\u00f3n, las estrellas del futbol local compartieron un breve mensaje para motivar a los ni\u00f1os morelianos a potencializar sus talentos, puesto que el deporte, la cultura y la educaci\u00f3n son detonantes importantes para alcanzar los sue\u00f1os de cualquier ser humano.<\/p>\n<p>&nbsp;<\/p>\n<p>Asimismo, los ni\u00f1os participantes y los invitados especiales realizaron muestras de sus habilidades del \u201cbalompi\u00e9\u201d al atajar penales en las porter\u00edas de la cancha del Polif\u00f3rum.<\/p>\n<p>&nbsp;<\/p>\n<p>Presidieron el torneo futbol\u00edstico tambi\u00e9n Santiago Tapia Jim\u00e9nez, Director del DIF Morelia; Adriana Pedraza Reyes, coordinadora de casa MECED as\u00ed como Ericka Guerrero Pardo, directora de Relaciones Internacionales de casa MECED y Horacio Avil\u00e9s Mart\u00ednez,\u00a0 director general del Polif\u00f3rum.<\/p>\n<p>&nbsp;<\/p>\n","protected":false},"excerpt":{"rendered":"<p> La protecci\u00f3n de los ni\u00f1os de Morelia y garantizar la igualdad en oportunidades para acceder al pleno desarrollo, no s\u00f3lo es obligaci\u00f3n, sino tambi\u00e9n una virtud que nos har\u00e1 trascender como sociedad hacia un mejor ma\u00f1ana, declar\u00f3 Miriam Cruz de Abud, durante la inauguraci\u00f3n del Torneo de Futbol R\u00e1pido, \u201cDeporte s\u00ed, Calle No\u201d<\/p>\n","protected":false},"author":1,"featured_media":14428,"comment_status":"open","ping_status":"open","sticky":false,"template":"","format":"standard","meta":{"footnotes":""},"categories":[14,9],"tags":[],"class_list":["post-14426","post","type-post","status-publish","format-standard","has-post-thumbnail","hentry","category-destacadas","category-morelia"],"_links":{"self":[{"href":"https:\/\/radiowebmx.com\/nota\/wp-json\/wp\/v2\/posts\/14426","targetHints":{"allow":["GET"]}}],"collection":[{"href":"https:\/\/radiowebmx.com\/nota\/wp-json\/wp\/v2\/posts"}],"about":[{"href":"https:\/\/radiowebmx.com\/nota\/wp-json\/wp\/v2\/types\/post"}],"author":[{"embeddable":true,"href":"https:\/\/radiowebmx.com\/nota\/wp-json\/wp\/v2\/users\/1"}],"replies":[{"embeddable":true,"href":"https:\/\/radiowebmx.com\/nota\/wp-json\/wp\/v2\/comments?post=14426"}],"version-history":[{"count":3,"href":"https:\/\/radiowebmx.com\/nota\/wp-json\/wp\/v2\/posts\/14426\/revisions"}],"predecessor-version":[{"id":14429,"href":"https:\/\/radiowebmx.com\/nota\/wp-json\/wp\/v2\/posts\/14426\/revisions\/14429"}],"wp:featuredmedia":[{"embeddable":true,"href":"https:\/\/radiowebmx.com\/nota\/wp-json\/wp\/v2\/media\/14428"}],"wp:attachment":[{"href":"https:\/\/radiowebmx.com\/nota\/wp-json\/wp\/v2\/media?parent=14426"}],"wp:term":[{"taxonomy":"category","embeddable":true,"href":"https:\/\/radiowebmx.com\/nota\/wp-json\/wp\/v2\/categories?post=14426"},{"taxonomy":"post_tag","embeddable":true,"href":"https:\/\/radiowebmx.com\/nota\/wp-json\/wp\/v2\/tags?post=14426"}],"curies":[{"name":"wp","href":"https:\/\/api.w.org\/{rel}","templated":true}]}}