{"id":14423,"date":"2015-04-07T12:44:49","date_gmt":"2015-04-07T17:44:49","guid":{"rendered":"https:\/\/radiowebmx.com\/nota\/?p=14423"},"modified":"2015-04-07T12:44:49","modified_gmt":"2015-04-07T17:44:49","slug":"pide-personal-de-limpia-a-candidatos-a-cuidar-de-morelia","status":"publish","type":"post","link":"https:\/\/radiowebmx.com\/nota\/pide-personal-de-limpia-a-candidatos-a-cuidar-de-morelia\/","title":{"rendered":"PIDE PERSONAL DE LIMPIA A CANDIDATOS A CUIDAR DE MORELIA"},"content":{"rendered":"<p>Personal de la Direcci\u00f3n de Aseo P\u00fablico de Morelia, solicitaron al presidente municipal Salvador Abud Mirabent su intervenci\u00f3n para que haga un llamado \u00a0respetuoso a los candidatos, partidos pol\u00edticos y coaliciones que participan en las actuales campa\u00f1as electorales 2015, a favorecer la cultura del cuidado y limpieza de la ciudad.<\/p>\n<p>&nbsp;<\/p>\n<p>Con el inicio de las campa\u00f1as pol\u00edticas, la generaci\u00f3n de residuos aumenta derivado del uso de pancartas, mantas, y distintos art\u00edculos desechables utilizados para apoyar al candidato o partido preferido, siendo todos estos, arrojados a la v\u00eda p\u00fablica una vez culminada la actividad.<\/p>\n<p>&nbsp;<\/p>\n<p>Esto, le expresaron los trabajadores al alcalde capitalino, \u00a0representa un problema ambiental, un aumento de horas laborales y una molestia general entre la ciudadan\u00eda y visitantes. Por ello, solicitaron a la autoridad municipal, exhortar a quienes participan en el actual proceso electoral a cuidar y solicitar a sus seguidores a mantener limpia el \u00e1rea ocupada en cada actividad proselitista y depositar la propaganda en los contenedores adecuados.<\/p>\n","protected":false},"excerpt":{"rendered":"<p>Personal de la Direcci\u00f3n de Aseo P\u00fablico de Morelia, solicitaron al presidente municipal Salvador Abud Mirabent su intervenci\u00f3n para que haga un llamado  respetuoso a los candidatos, partidos pol\u00edticos y coaliciones que participan en las actuales campa\u00f1as electorales 2015, <\/p>\n","protected":false},"author":1,"featured_media":14424,"comment_status":"open","ping_status":"open","sticky":false,"template":"","format":"standard","meta":{"footnotes":""},"categories":[14,9],"tags":[],"class_list":["post-14423","post","type-post","status-publish","format-standard","has-post-thumbnail","hentry","category-destacadas","category-morelia"],"_links":{"self":[{"href":"https:\/\/radiowebmx.com\/nota\/wp-json\/wp\/v2\/posts\/14423","targetHints":{"allow":["GET"]}}],"collection":[{"href":"https:\/\/radiowebmx.com\/nota\/wp-json\/wp\/v2\/posts"}],"about":[{"href":"https:\/\/radiowebmx.com\/nota\/wp-json\/wp\/v2\/types\/post"}],"author":[{"embeddable":true,"href":"https:\/\/radiowebmx.com\/nota\/wp-json\/wp\/v2\/users\/1"}],"replies":[{"embeddable":true,"href":"https:\/\/radiowebmx.com\/nota\/wp-json\/wp\/v2\/comments?post=14423"}],"version-history":[{"count":1,"href":"https:\/\/radiowebmx.com\/nota\/wp-json\/wp\/v2\/posts\/14423\/revisions"}],"predecessor-version":[{"id":14425,"href":"https:\/\/radiowebmx.com\/nota\/wp-json\/wp\/v2\/posts\/14423\/revisions\/14425"}],"wp:featuredmedia":[{"embeddable":true,"href":"https:\/\/radiowebmx.com\/nota\/wp-json\/wp\/v2\/media\/14424"}],"wp:attachment":[{"href":"https:\/\/radiowebmx.com\/nota\/wp-json\/wp\/v2\/media?parent=14423"}],"wp:term":[{"taxonomy":"category","embeddable":true,"href":"https:\/\/radiowebmx.com\/nota\/wp-json\/wp\/v2\/categories?post=14423"},{"taxonomy":"post_tag","embeddable":true,"href":"https:\/\/radiowebmx.com\/nota\/wp-json\/wp\/v2\/tags?post=14423"}],"curies":[{"name":"wp","href":"https:\/\/api.w.org\/{rel}","templated":true}]}}