{"id":14420,"date":"2015-04-07T12:36:57","date_gmt":"2015-04-07T17:36:57","guid":{"rendered":"https:\/\/radiowebmx.com\/nota\/?p=14420"},"modified":"2015-04-07T12:36:57","modified_gmt":"2015-04-07T17:36:57","slug":"visita-abud-mirabent-al-centro-de-emergencias-de-morelia%e2%80%8f","status":"publish","type":"post","link":"https:\/\/radiowebmx.com\/nota\/visita-abud-mirabent-al-centro-de-emergencias-de-morelia%e2%80%8f\/","title":{"rendered":"VISITA ABUD MIRABENT AL CENTRO DE EMERGENCIAS DE MORELIA\u200f"},"content":{"rendered":"<p>Elementos de la Fuerza Ciudadana, mostraron al presidente municipal de Morelia, Salvador Abud Mirabent, la operatividad y servicio que presta el Centro de Emergencia de Morelia en una visita realizada la ma\u00f1ana de este lunes.<\/p>\n<p>&nbsp;<\/p>\n<p>El director de la Fuerza Ciudadana de Morelia Comisario Jes\u00fas S\u00e1nchez Noriega y personal de la corporaci\u00f3n policial, detallaron al alcalde el funcionamiento de las videoc\u00e1maras que vigilan las 24 horas del d\u00eda distintos puntos de la ciudad, con el fin de\u00a0 prevenir o atender con eficiencia y puntualidad cualquier incidente.<\/p>\n<p>&nbsp;<\/p>\n<p>Abud Mirabent, conoci\u00f3 adem\u00e1s otros sistemas de seguridad aplicados en el municipio de Morelia, que permiten cuidar la integridad f\u00edsica y material de los ciudadanos, donde los efectivos le refrendaron el compromiso de seguir trabajando para mantener una ciudad tranquila y garante de la paz entre sus ciudadanos.<\/p>\n","protected":false},"excerpt":{"rendered":"<p>Elementos de la Fuerza Ciudadana, mostraron al presidente municipal de Morelia, Salvador Abud Mirabent, la operatividad y servicio que presta el Centro de Emergencia de Morelia en una visita realizada la ma\u00f1ana de este lunes.<\/p>\n","protected":false},"author":1,"featured_media":14421,"comment_status":"open","ping_status":"open","sticky":false,"template":"","format":"standard","meta":{"footnotes":""},"categories":[14,9],"tags":[],"class_list":["post-14420","post","type-post","status-publish","format-standard","has-post-thumbnail","hentry","category-destacadas","category-morelia"],"_links":{"self":[{"href":"https:\/\/radiowebmx.com\/nota\/wp-json\/wp\/v2\/posts\/14420","targetHints":{"allow":["GET"]}}],"collection":[{"href":"https:\/\/radiowebmx.com\/nota\/wp-json\/wp\/v2\/posts"}],"about":[{"href":"https:\/\/radiowebmx.com\/nota\/wp-json\/wp\/v2\/types\/post"}],"author":[{"embeddable":true,"href":"https:\/\/radiowebmx.com\/nota\/wp-json\/wp\/v2\/users\/1"}],"replies":[{"embeddable":true,"href":"https:\/\/radiowebmx.com\/nota\/wp-json\/wp\/v2\/comments?post=14420"}],"version-history":[{"count":1,"href":"https:\/\/radiowebmx.com\/nota\/wp-json\/wp\/v2\/posts\/14420\/revisions"}],"predecessor-version":[{"id":14422,"href":"https:\/\/radiowebmx.com\/nota\/wp-json\/wp\/v2\/posts\/14420\/revisions\/14422"}],"wp:featuredmedia":[{"embeddable":true,"href":"https:\/\/radiowebmx.com\/nota\/wp-json\/wp\/v2\/media\/14421"}],"wp:attachment":[{"href":"https:\/\/radiowebmx.com\/nota\/wp-json\/wp\/v2\/media?parent=14420"}],"wp:term":[{"taxonomy":"category","embeddable":true,"href":"https:\/\/radiowebmx.com\/nota\/wp-json\/wp\/v2\/categories?post=14420"},{"taxonomy":"post_tag","embeddable":true,"href":"https:\/\/radiowebmx.com\/nota\/wp-json\/wp\/v2\/tags?post=14420"}],"curies":[{"name":"wp","href":"https:\/\/api.w.org\/{rel}","templated":true}]}}