{"id":14409,"date":"2015-04-07T12:23:38","date_gmt":"2015-04-07T17:23:38","guid":{"rendered":"https:\/\/radiowebmx.com\/nota\/?p=14409"},"modified":"2015-04-07T12:23:38","modified_gmt":"2015-04-07T17:23:38","slug":"agroindustria-propuesta-fundamental-de-chon-orihuela","status":"publish","type":"post","link":"https:\/\/radiowebmx.com\/nota\/agroindustria-propuesta-fundamental-de-chon-orihuela\/","title":{"rendered":"AGROINDUSTRIA, PROPUESTA FUNDAMENTAL DE CHON ORIHUELA"},"content":{"rendered":"<p>La agroindustria es la alternativa m\u00e1s viable para hacer crecer al campo michoacano y sobre todo al tomar en cuenta que somos l\u00edderes en producci\u00f3n de todo el pa\u00eds. Aprovechar en su totalidad los cultivos de la gente del campo es fundamental para mejorar sus condiciones de vida, asegur\u00f3 Chon Orihuela B\u00e1rcenas en su segundo d\u00eda de campa\u00f1a proselitista como candidato del PRI y del PVEM al gobierno del estado.<\/p>\n<p>&nbsp;<\/p>\n<p>En su visita a Tepalcatepec, Jos\u00e9 Ascenci\u00f3n Orihuela B\u00e1rcenas enfatiz\u00f3 esta propuesta en la que tiene mucha experiencia, ya que desde sus inicios laborales ha sido trabajador del campo, adem\u00e1s de que como delegado de la Secretar\u00eda de Agricultura, tuvo la visi\u00f3n para gestionar la apertura de la exportaci\u00f3n de aguacate hacia Estados Unidos y en la actualidad Michoac\u00e1n es l\u00edder productor nacional e internacional.<\/p>\n<p>&nbsp;<\/p>\n<p>Chon Orihuela fue enf\u00e1tico durante sus recorridos por el mercado municipal y con productores de la regi\u00f3n, tanto de lim\u00f3n como con ganaderos, en el sentido de mantener el impulso por el desarrollo de la regi\u00f3n de la tierra caliente, bajo la premisa de mantener las acciones encaminadas a que exista orden y que desde hace un a\u00f1o lleva a cabo el gobierno federal y que \u00e9l mantendr\u00e1 ya como gobernador, seguro de verse favorecido con el voto de la ciudadan\u00eda el pr\u00f3ximo siete de junio.<\/p>\n<p>&nbsp;<\/p>\n<p>El candidato por el Partido Revolucionario Institucional y el Verde Ecologista de M\u00e9xico, tambi\u00e9n se reuni\u00f3 con militantes pri\u00edstas en la sede del Comit\u00e9 Municipal del PRI en Tepalcatepec. Siempre acompa\u00f1ado por su esposa, sus hijos y sus nietos y esta vez con dos de sus hermanos, indic\u00f3 que se requiere la implementaci\u00f3n de programas de vivienda por lo que trabajar\u00e1 de manera coordinada con el Gobierno del presidente Enrique Pe\u00f1a Nieto.<\/p>\n<p>&nbsp;<\/p>\n<p>Chon Orihuela record\u00f3 adem\u00e1s que en las acciones que ha llevado a cabo en sus distintas encomiendas administrativas, se trabaj\u00f3 en el desarrollo\u00a0 de acciones para el sistema de riego de la presa de Chilat\u00e1n, cuerpo de agua que beneficia a gran parte de los sembrad\u00edos de esta zona de Michoac\u00e1n.<\/p>\n<p>&nbsp;<\/p>\n<p>Por otra parte, Orihuela B\u00e1rcenas record\u00f3 que hace 20 a\u00f1os fund\u00f3 un partido de futbol en su natal Zit\u00e1cuaro, y destac\u00f3 que tiene la confianza de que a trav\u00e9s de programas deportivos dirigidos a los<\/p>\n<p>los j\u00f3venes, se mejoren las condiciones de salud y educaci\u00f3n.<\/p>\n<p>&nbsp;<\/p>\n<p>Por lo que ofreci\u00f3 a los ciudadanos gestionar una franquicia para un equipo de f\u00fatbol de tercera\u00a0 y segunda divisi\u00f3n nacional para\u00a0 Tepalcatpec.\u00a0 De hecho aprovech\u00f3 para dar a conocer que una de sus tres m\u00e1s grandes pasiones es el f\u00fatbol.<\/p>\n<p>&nbsp;<\/p>\n<p>El candidato tricolor invit\u00f3 a la gente a que salgan a pedir el voto a favor de todos los candidatos de su partido para que este contin\u00fae gobernando Michoac\u00e1n y as\u00ed concluir con la herencia de malos manejos\u00a0 que dejaron los anteriores gobiernos estatales.<\/p>\n<p>&nbsp;<\/p>\n<p>M\u00e1s Tarde Chon Orihuela se reuni\u00f3 con productores limoneros\u00a0 y de mango en el municipio de La Ruana, donde destac\u00f3 que es importante integrar los programas de desarrollo del campo a los universitario y t\u00e9cnicos, y de esta manera \u00a0lograr la inocuidad y desarrollar la infraestructura de riego, con tecnolog\u00eda moderna para \u00a0obtener productos de mayor calidad.<\/p>\n<p>&nbsp;<\/p>\n<p>Finalmente el candidato del PRI-PEVEM asever\u00f3 que para abrir nuevos mercados es necesario producir \u00a0fruta de mayor calidad, tal como se hizo hace 20 a\u00f1os con el aguacate.<\/p>\n<p>&nbsp;<\/p>\n","protected":false},"excerpt":{"rendered":"<p>La agroindustria es la alternativa m\u00e1s viable para hacer crecer al campo michoacano y sobre todo al tomar en cuenta que somos l\u00edderes en producci\u00f3n de todo el pa\u00eds. Aprovechar en su totalidad los cultivos de la gente del campo es fundamental para mejorar sus condiciones de vida, <\/p>\n","protected":false},"author":1,"featured_media":14410,"comment_status":"open","ping_status":"open","sticky":false,"template":"","format":"standard","meta":{"footnotes":""},"categories":[14,11,12],"tags":[],"class_list":["post-14409","post","type-post","status-publish","format-standard","has-post-thumbnail","hentry","category-destacadas","category-partidos-politicos","category-pri"],"_links":{"self":[{"href":"https:\/\/radiowebmx.com\/nota\/wp-json\/wp\/v2\/posts\/14409","targetHints":{"allow":["GET"]}}],"collection":[{"href":"https:\/\/radiowebmx.com\/nota\/wp-json\/wp\/v2\/posts"}],"about":[{"href":"https:\/\/radiowebmx.com\/nota\/wp-json\/wp\/v2\/types\/post"}],"author":[{"embeddable":true,"href":"https:\/\/radiowebmx.com\/nota\/wp-json\/wp\/v2\/users\/1"}],"replies":[{"embeddable":true,"href":"https:\/\/radiowebmx.com\/nota\/wp-json\/wp\/v2\/comments?post=14409"}],"version-history":[{"count":1,"href":"https:\/\/radiowebmx.com\/nota\/wp-json\/wp\/v2\/posts\/14409\/revisions"}],"predecessor-version":[{"id":14411,"href":"https:\/\/radiowebmx.com\/nota\/wp-json\/wp\/v2\/posts\/14409\/revisions\/14411"}],"wp:featuredmedia":[{"embeddable":true,"href":"https:\/\/radiowebmx.com\/nota\/wp-json\/wp\/v2\/media\/14410"}],"wp:attachment":[{"href":"https:\/\/radiowebmx.com\/nota\/wp-json\/wp\/v2\/media?parent=14409"}],"wp:term":[{"taxonomy":"category","embeddable":true,"href":"https:\/\/radiowebmx.com\/nota\/wp-json\/wp\/v2\/categories?post=14409"},{"taxonomy":"post_tag","embeddable":true,"href":"https:\/\/radiowebmx.com\/nota\/wp-json\/wp\/v2\/tags?post=14409"}],"curies":[{"name":"wp","href":"https:\/\/api.w.org\/{rel}","templated":true}]}}