{"id":14405,"date":"2015-04-07T12:20:01","date_gmt":"2015-04-07T17:20:01","guid":{"rendered":"https:\/\/radiowebmx.com\/nota\/?p=14405"},"modified":"2015-04-07T12:20:01","modified_gmt":"2015-04-07T17:20:01","slug":"luisa-maria-de-cerca-con-usuarios-del-transporte-publico-%e2%80%8f","status":"publish","type":"post","link":"https:\/\/radiowebmx.com\/nota\/luisa-maria-de-cerca-con-usuarios-del-transporte-publico-%e2%80%8f\/","title":{"rendered":"Luisa Mar\u00eda de cerca con usuarios del transporte p\u00fablico.\u200f"},"content":{"rendered":"<p>Para conocer de cerca las necesidades de quienes est\u00e1n al frente del volante, as\u00ed como las inquietudes de los usuarios del transporte p\u00fablico, la tarde de este lunes 06 de abril, la candidata por el Partido Acci\u00f3n Nacional, Luisa Mar\u00eda Calder\u00f3n Hinojosa, recorri\u00f3 las calles de la ciudad de Morelia en diversas rutas de combis y camiones donde fue testigo de las necesidades del sector.<\/p>\n","protected":false},"excerpt":{"rendered":"<p>Para conocer de cerca las necesidades de quienes est\u00e1n al frente del volante, as\u00ed como las inquietudes de los usuarios del transporte p\u00fablico, la tarde de este lunes 06 de abril, la candidata por el Partido Acci\u00f3n Nacional, Luisa Mar\u00eda Calder\u00f3n Hinojosa,<\/p>\n","protected":false},"author":1,"featured_media":14406,"comment_status":"open","ping_status":"open","sticky":false,"template":"","format":"standard","meta":{"footnotes":""},"categories":[14,13,11],"tags":[],"class_list":["post-14405","post","type-post","status-publish","format-standard","has-post-thumbnail","hentry","category-destacadas","category-pan","category-partidos-politicos"],"_links":{"self":[{"href":"https:\/\/radiowebmx.com\/nota\/wp-json\/wp\/v2\/posts\/14405","targetHints":{"allow":["GET"]}}],"collection":[{"href":"https:\/\/radiowebmx.com\/nota\/wp-json\/wp\/v2\/posts"}],"about":[{"href":"https:\/\/radiowebmx.com\/nota\/wp-json\/wp\/v2\/types\/post"}],"author":[{"embeddable":true,"href":"https:\/\/radiowebmx.com\/nota\/wp-json\/wp\/v2\/users\/1"}],"replies":[{"embeddable":true,"href":"https:\/\/radiowebmx.com\/nota\/wp-json\/wp\/v2\/comments?post=14405"}],"version-history":[{"count":2,"href":"https:\/\/radiowebmx.com\/nota\/wp-json\/wp\/v2\/posts\/14405\/revisions"}],"predecessor-version":[{"id":14408,"href":"https:\/\/radiowebmx.com\/nota\/wp-json\/wp\/v2\/posts\/14405\/revisions\/14408"}],"wp:featuredmedia":[{"embeddable":true,"href":"https:\/\/radiowebmx.com\/nota\/wp-json\/wp\/v2\/media\/14406"}],"wp:attachment":[{"href":"https:\/\/radiowebmx.com\/nota\/wp-json\/wp\/v2\/media?parent=14405"}],"wp:term":[{"taxonomy":"category","embeddable":true,"href":"https:\/\/radiowebmx.com\/nota\/wp-json\/wp\/v2\/categories?post=14405"},{"taxonomy":"post_tag","embeddable":true,"href":"https:\/\/radiowebmx.com\/nota\/wp-json\/wp\/v2\/tags?post=14405"}],"curies":[{"name":"wp","href":"https:\/\/api.w.org\/{rel}","templated":true}]}}