{"id":14402,"date":"2015-04-07T12:16:09","date_gmt":"2015-04-07T17:16:09","guid":{"rendered":"https:\/\/radiowebmx.com\/nota\/?p=14402"},"modified":"2015-04-07T12:16:09","modified_gmt":"2015-04-07T17:16:09","slug":"se-registra-alfonso-martinez-como-candidato-independiente-por-alcaldia-de-morelia","status":"publish","type":"post","link":"https:\/\/radiowebmx.com\/nota\/se-registra-alfonso-martinez-como-candidato-independiente-por-alcaldia-de-morelia\/","title":{"rendered":"Se registra Alfonso Mart\u00ednez como candidato independiente por Alcald\u00eda de Morelia"},"content":{"rendered":"<p>\u201cQue hoy estemos aqu\u00ed juntos los ciudadanos, es el principio de la victoria por venir para Morelia\u201d, as\u00ed lo se\u00f1al\u00f3 Alfonso Mart\u00ednez Alc\u00e1zar en su registro como candidato independiente por la Alcald\u00eda de la capital michoacana.<\/p>\n<p>Ante m\u00e1s de un millar de morelianos, en las instalaciones del Instituto Electoral de Michoac\u00e1n (IEM), la tarde de este lunes fue el marco para la solicitud del registro de Mart\u00ednez Alc\u00e1zar y su planilla Todos por Morelia, por la candidatura independiente y ciudadana, con la que buscar\u00e1n contender por el gobierno de la ciudad de la cantera rosa.<\/p>\n<p>Luego de que entregara la documentaci\u00f3n y solicitud ante el \u00d3rgano Electoral de la entidad, Alfonso Mart\u00ednez se\u00f1al\u00f3 ante los asistentes, as\u00ed como ante los medios de comunicaci\u00f3n presentes, que esta es la hora de que los ciudadanos dirijan el rumbo de la ciudad, \u201ces la hora de un gobierno que no busque permanecer \u00fanicamente en el poder, sino que d\u00e9 resultados, que sea efectivo y construya la mejor ciudad, una mejor Morelia para que nuestras familias vivan\u201d, reiter\u00f3.<\/p>\n<p>En un gran ambiente de alegr\u00eda, fiesta y colorido, acompa\u00f1ado por su familia, por los integrantes de su planilla Todos Por Morelia, as\u00ed como de amigos y simpatizantes que respaldan el proyecto ciudadano, el aspirante a candidato independiente record\u00f3 las diversas ocasiones en que los partidos pol\u00edticos han buscado que su aspiraci\u00f3n y registro sea anulado.<\/p>\n<p>\u201cEl estar aqu\u00ed, registr\u00e1ndonos, es el principio de la victoria y el cambio de verdad que viene para Morelia, el cambio que le daremos los ciudadanos a nuestra ciudad y a la forma de encabezar un gobierno transparente y honesto, pues con este registro comenzamos a escribir una nueva historia para nuestra ciudad, el cambio que los morelianos de bien queremos\u201d, reiter\u00f3 luego de entregar su expediente al Presidente del IEM.<\/p>\n<p>Al hacer uso de la palabra el aspirante a regidor, el empresario Fernando Rodr\u00edguez; subray\u00f3 que los partidos pol\u00edticos han permitido la inseguridad y la pobreza en el Estado y en todo Morelia, \u201cy somos los ciudadanos a los que nos corresponde corregir lo que otros han venido a descomponer, y ese es el rumbo de la capital de nuestro Estado\u201d.<\/p>\n<p>En el mismo tenor, la artesana Adela Flores resalt\u00f3, \u201cvengo de aquellos lugares con escuelas de palitos en las que se respira m\u00e1s polvo que aire, con calles sin pavimentar y sin grandes avenidas, pero eso s\u00ed con gente honesta y trabajadora que anhelamos un mejor Morelia, una mejor ciudad para nuestras familias\u201d, se\u00f1al\u00f3 la originaria de la Tenencia de Capula.<\/p>\n<p>En el mismo contexto, durante su discurso Alfonso Mart\u00ednez refiri\u00f3 que han enfrentado una serie de ataques por parte de partidos pol\u00edticos, pero recalc\u00f3, \u201csaben que los ciudadanos gobernaremos Morelia y lo haremos buscando el desarrollo que tanto se anhela\u201d.<\/p>\n<p>Finalmente, el aspirante a candidato independiente por Morelia reiter\u00f3 que el pr\u00f3ximo 20 de abril arrancaremos la campa\u00f1a con las limitaciones que la ley nos impone a los candidatos independientes, \u201cpero\u00a0 seguros estamos de que haremos realidad la ciudad que todos queremos para nuestros hijos, esto apenas empieza y Todos por Morelia llegaremos juntos\u201d.<\/p>\n<p>&nbsp;<\/p>\n","protected":false},"excerpt":{"rendered":"<p>\u201cQue hoy estemos aqu\u00ed juntos los ciudadanos, es el principio de la victoria por venir para Morelia\u201d, as\u00ed lo se\u00f1al\u00f3 Alfonso Mart\u00ednez Alc\u00e1zar en su registro como candidato independiente por la Alcald\u00eda de la capital michoacana.<\/p>\n","protected":false},"author":1,"featured_media":14403,"comment_status":"open","ping_status":"open","sticky":false,"template":"","format":"standard","meta":{"footnotes":""},"categories":[14],"tags":[],"class_list":["post-14402","post","type-post","status-publish","format-standard","has-post-thumbnail","hentry","category-destacadas"],"_links":{"self":[{"href":"https:\/\/radiowebmx.com\/nota\/wp-json\/wp\/v2\/posts\/14402","targetHints":{"allow":["GET"]}}],"collection":[{"href":"https:\/\/radiowebmx.com\/nota\/wp-json\/wp\/v2\/posts"}],"about":[{"href":"https:\/\/radiowebmx.com\/nota\/wp-json\/wp\/v2\/types\/post"}],"author":[{"embeddable":true,"href":"https:\/\/radiowebmx.com\/nota\/wp-json\/wp\/v2\/users\/1"}],"replies":[{"embeddable":true,"href":"https:\/\/radiowebmx.com\/nota\/wp-json\/wp\/v2\/comments?post=14402"}],"version-history":[{"count":1,"href":"https:\/\/radiowebmx.com\/nota\/wp-json\/wp\/v2\/posts\/14402\/revisions"}],"predecessor-version":[{"id":14404,"href":"https:\/\/radiowebmx.com\/nota\/wp-json\/wp\/v2\/posts\/14402\/revisions\/14404"}],"wp:featuredmedia":[{"embeddable":true,"href":"https:\/\/radiowebmx.com\/nota\/wp-json\/wp\/v2\/media\/14403"}],"wp:attachment":[{"href":"https:\/\/radiowebmx.com\/nota\/wp-json\/wp\/v2\/media?parent=14402"}],"wp:term":[{"taxonomy":"category","embeddable":true,"href":"https:\/\/radiowebmx.com\/nota\/wp-json\/wp\/v2\/categories?post=14402"},{"taxonomy":"post_tag","embeddable":true,"href":"https:\/\/radiowebmx.com\/nota\/wp-json\/wp\/v2\/tags?post=14402"}],"curies":[{"name":"wp","href":"https:\/\/api.w.org\/{rel}","templated":true}]}}