{"id":14393,"date":"2015-04-07T11:28:52","date_gmt":"2015-04-07T16:28:52","guid":{"rendered":"https:\/\/radiowebmx.com\/nota\/?p=14393"},"modified":"2015-04-07T11:28:52","modified_gmt":"2015-04-07T16:28:52","slug":"va-fausto-con-chon-y-los-candidatos-del-pri","status":"publish","type":"post","link":"https:\/\/radiowebmx.com\/nota\/va-fausto-con-chon-y-los-candidatos-del-pri\/","title":{"rendered":"VA FAUSTO CON CHON Y  LOS CANDIDATOS DEL PRI"},"content":{"rendered":"<p>El ex gobernador de Michoac\u00e1n, Fausto Vallejo Figueroa,\u00a0 declar\u00f3 que votar\u00e1 por Chon Orihuela y los candidatos del PRI. En entrevista con un noticiero radiof\u00f3nico matutino de Morelia precis\u00f3 que ya ha estado acudiendo a varios distritos electorales para promover la unidad en torno a su partido.<b><\/b><\/p>\n<p>&nbsp;<\/p>\n<p>A pregunta expresa de la conductora de si va a votar por Chon Orihuela respondi\u00f3 que s\u00ed.<\/p>\n<p>&nbsp;<\/p>\n<p>Anunci\u00f3 que participar\u00e1 en la campa\u00f1a pol\u00edtica de\u00a0 Morelia \u201cporque se les est\u00e1n abriendo oportunidades a varios perfiles importantes que han colaborado conmigo. En la medida que me inviten los candidatos estar\u00e9 con ellos\u201d.<\/p>\n<p>&nbsp;<\/p>\n<p>Finalmente al cuestionamiento de si se siente traicionado por\u00a0 algunos de los cuadros formados por \u00e9l, respondi\u00f3 que no. Que entiende que lo hacen por trabajo y que le da gusto y entiende que deben crecer y que han aprovechado las oportunidades que se les brind\u00f3.<\/p>\n","protected":false},"excerpt":{"rendered":"<p>El ex gobernador de Michoac\u00e1n, Fausto Vallejo Figueroa,  declar\u00f3 que votar\u00e1 por Chon Orihuela y los candidatos del PRI. En entrevista con un noticiero radiof\u00f3nico matutino de Morelia precis\u00f3 que ya ha estado acudiendo a varios distritos electorales para promover la unidad en torno a su partido.<\/p>\n","protected":false},"author":1,"featured_media":0,"comment_status":"open","ping_status":"open","sticky":false,"template":"","format":"standard","meta":{"footnotes":""},"categories":[11,12],"tags":[],"class_list":["post-14393","post","type-post","status-publish","format-standard","hentry","category-partidos-politicos","category-pri"],"_links":{"self":[{"href":"https:\/\/radiowebmx.com\/nota\/wp-json\/wp\/v2\/posts\/14393","targetHints":{"allow":["GET"]}}],"collection":[{"href":"https:\/\/radiowebmx.com\/nota\/wp-json\/wp\/v2\/posts"}],"about":[{"href":"https:\/\/radiowebmx.com\/nota\/wp-json\/wp\/v2\/types\/post"}],"author":[{"embeddable":true,"href":"https:\/\/radiowebmx.com\/nota\/wp-json\/wp\/v2\/users\/1"}],"replies":[{"embeddable":true,"href":"https:\/\/radiowebmx.com\/nota\/wp-json\/wp\/v2\/comments?post=14393"}],"version-history":[{"count":2,"href":"https:\/\/radiowebmx.com\/nota\/wp-json\/wp\/v2\/posts\/14393\/revisions"}],"predecessor-version":[{"id":14395,"href":"https:\/\/radiowebmx.com\/nota\/wp-json\/wp\/v2\/posts\/14393\/revisions\/14395"}],"wp:attachment":[{"href":"https:\/\/radiowebmx.com\/nota\/wp-json\/wp\/v2\/media?parent=14393"}],"wp:term":[{"taxonomy":"category","embeddable":true,"href":"https:\/\/radiowebmx.com\/nota\/wp-json\/wp\/v2\/categories?post=14393"},{"taxonomy":"post_tag","embeddable":true,"href":"https:\/\/radiowebmx.com\/nota\/wp-json\/wp\/v2\/tags?post=14393"}],"curies":[{"name":"wp","href":"https:\/\/api.w.org\/{rel}","templated":true}]}}