{"id":14382,"date":"2015-04-06T13:37:54","date_gmt":"2015-04-06T18:37:54","guid":{"rendered":"https:\/\/radiowebmx.com\/nota\/?p=14382"},"modified":"2015-04-06T13:37:54","modified_gmt":"2015-04-06T18:37:54","slug":"poetizan-la-ciudad-en-memoria-de-martinez-ocaranza","status":"publish","type":"post","link":"https:\/\/radiowebmx.com\/nota\/poetizan-la-ciudad-en-memoria-de-martinez-ocaranza\/","title":{"rendered":"POETIZAN LA CIUDAD EN MEMORIA DE MART\u00cdNEZ OCARANZA"},"content":{"rendered":"<p>El d\u00eda de hoy, 5 de abril de 2015, se conmemor\u00f3 el centenario del nacimiento del poeta michoacano Ram\u00f3n Mart\u00ednez Ocaranza.<\/p>\n<p>&nbsp;<\/p>\n<p>El Bate michoacano \u00fanico en su estilo, curs\u00f3 estudios en el Nacional y Primitivo Colegio de San Nicol\u00e1s de Hidalgo, en la UMSNH, en donde se destac\u00f3 por su activismo y participaci\u00f3n estudiantil y acad\u00e9mica, siendo presidente de la FEU y profesor de carrera.<\/p>\n<p>&nbsp;<\/p>\n<p>Su destacada carrera po\u00e9tica no se caracteriz\u00f3 por su cercan\u00eda con los grupos literarios y sus corrientes, m\u00e1s bien fue su gran esp\u00edritu, su condici\u00f3n de hombre y de poeta; su hermen\u00e9utica como el lo dec\u00eda, lo que lo posiciona en la cumbre de las letras latinoamericanas.<\/p>\n<p>&nbsp;<\/p>\n<p>Para celebrarlo, la Fundaci\u00f3n Cultural que lleva su nombre, acompa\u00f1ada de otras organizaciones civiles, artistas, creadores, poetas e intelectuales locales, convocaron a los ciudadanos a \u201cPoetizar la Ciudad\u201c.<\/p>\n<p>&nbsp;<\/p>\n<p>Los creadores y convocantes se dieron cita desde las 10:00 am de este domingo en el Jard\u00edn de las Rosas y frente al Teatro Matamoros, ah\u00ed convocaron a los ciudadanos en torno a la poes\u00eda del poeta, al tiempo que repart\u00edan a los paseantes locales y extranjeros, poemas impresos, de una selecci\u00f3n de 15 poemas de distintas \u00e9pocas y algunos in\u00e9ditos.<\/p>\n<p>&nbsp;<\/p>\n<p>Al torno de las 11:30 iniciaron una caravana po\u00e9tica, hacia el primer cuadro de la ciudad, para poetizarlo, un asalto po\u00e9tico captur\u00f3 la atenci\u00f3n de los comensales del antiguo caf\u00e9 Valladolid en los portales de Morelia, quienes reaccionaron sorprendidos ante los artistas armados de palabras y de poes\u00eda. Para esa hora los meg\u00e1fonos no daban descanso a la garganta de los espont\u00e1neos y de los creadores quienes se internaban entre bicicletas y comensales leyendo poes\u00eda.<\/p>\n<p>&nbsp;<\/p>\n<p>El recorrido continu\u00f3 por todo el portal catedral, la Plaza Ju\u00e1rez y la Plaza de Armas, sin dejar de insistir con la poes\u00eda, informando a los presentes de la vida del Bate y repartiendo los mas de 5 mil poemas que la FCRMO, A.C. imprimi\u00f3 para la ocasi\u00f3n.<\/p>\n<p>&nbsp;<\/p>\n<p>Entre asaltos po\u00e9ticos, y performance llegaron ante el Teatro Matamoros que ya luc\u00eda intervenido con cartelones de papel Kraft, en donde miembros de la ANEF, dejaron testimonio del legado po\u00e9tico de Ocaranza.<\/p>\n<p>&nbsp;<\/p>\n<p>Al punto de las 14:00 hrs. ya instalados en los Jardines de la Biblioteca P\u00fablica Universitaria, compartieron una morisqueta, y se prestaron a presenciar el plato fuerte, la voz de Ocaranza y de Huerta resonaron frente a los muros del Colegio de San Nicol\u00e1s, para dar paso al Jazz y a la gran interpretaci\u00f3n de Pollomingus en torno a la voz del propio poeta, en tanto la artista visual Rosa Fefa dejaba plasmado Jaguar, mural dedicado al poeta, y que forma parte de las ilustraciones del Jaguario, \u201c Este es el Mundo en que Vimimos\u201c, entre malabares, tambores e improvisaciones se dio paso fiesta y a la alegr\u00eda callejera.<\/p>\n<p>&nbsp;<\/p>\n<p>Ante los asistentes se recibieron las primeras donaciones de llaves para la escultura que realizara el comit\u00e9 organizador del centenario de poeta. En palabras del coordinador general del evento, Hirepan Maya se puso de manifiesto la decisi\u00f3n por la cual se har\u00e1 a trav\u00e9s de una convocatoria ciudadana, \u2026 a las autoridades universitarias y gubernamentales se les paso acordarse del centenario, por eso a nosotros se nos olvido acordarnos de ellos.<\/p>\n<p>&nbsp;<\/p>\n<p>En otro tenor para concluir el evento, se anuncio que a partir de este 5 de abril, se instaurar\u00e1 cada a\u00f1o el evento \u201cPoetizar la Cuidad\u201c; que cada a\u00f1o nos escuchen, que se acuerden de Ocaranza y de nosotros hasta el cansancio, volveremos a intervenir los espacios p\u00fablicos, el Teatro Matamoros hasta que este concluido, que los burgueses de la democracia sepan que seguiremos haciendo poes\u00eda, envi\u00f3 un mensaje directo a las autoridades universitarias; la UMSNH es una instituci\u00f3n p\u00fablica y educativa, no una cueva de cobardes desmemoriados, que no se atreven a homenajear al poeta, hace mucho que se les busco incluso siendo el actual rector coordinador de la investigaci\u00f3n cient\u00edfica, conoci\u00f3 el proyecto del centenario, de la casa del poeta y de la publicaci\u00f3n de obra in\u00e9dita, saben donde vivimos y donde vivi\u00f3 el poeta, es obligaci\u00f3n de la universidad hacerle un gran homenaje.<\/p>\n<p>&nbsp;<\/p>\n<p>\u201c100 A\u00f1os de Ser\u2026Poeta\u201c, culminara el 5 de Abril de 2016, en el trayecto prev\u00e9n, la divulgaci\u00f3n de audios digitalizados por la FONOTECA nacional, por gestiones de la propia fundaci\u00f3n, una exposici\u00f3n sobre el poeta que incluye fotos, documentos originales, y art\u00edculos personales del poeta, la escultura ya mencionada, y la publicaci\u00f3n de su basta obra in\u00e9dita, aqu\u00ed estaremos haciendo de la hermen\u00e9utica del poeta, la po\u00e9tica de su hermen\u00e9utica.<\/p>\n<p>&nbsp;<\/p>\n","protected":false},"excerpt":{"rendered":"<p>El d\u00eda de hoy, 5 de abril de 2015, se conmemor\u00f3 el centenario del nacimiento del poeta michoacano Ram\u00f3n Mart\u00ednez Ocaranza.<\/p>\n","protected":false},"author":1,"featured_media":14383,"comment_status":"open","ping_status":"open","sticky":false,"template":"","format":"standard","meta":{"footnotes":""},"categories":[14],"tags":[],"class_list":["post-14382","post","type-post","status-publish","format-standard","has-post-thumbnail","hentry","category-destacadas"],"_links":{"self":[{"href":"https:\/\/radiowebmx.com\/nota\/wp-json\/wp\/v2\/posts\/14382","targetHints":{"allow":["GET"]}}],"collection":[{"href":"https:\/\/radiowebmx.com\/nota\/wp-json\/wp\/v2\/posts"}],"about":[{"href":"https:\/\/radiowebmx.com\/nota\/wp-json\/wp\/v2\/types\/post"}],"author":[{"embeddable":true,"href":"https:\/\/radiowebmx.com\/nota\/wp-json\/wp\/v2\/users\/1"}],"replies":[{"embeddable":true,"href":"https:\/\/radiowebmx.com\/nota\/wp-json\/wp\/v2\/comments?post=14382"}],"version-history":[{"count":1,"href":"https:\/\/radiowebmx.com\/nota\/wp-json\/wp\/v2\/posts\/14382\/revisions"}],"predecessor-version":[{"id":14384,"href":"https:\/\/radiowebmx.com\/nota\/wp-json\/wp\/v2\/posts\/14382\/revisions\/14384"}],"wp:featuredmedia":[{"embeddable":true,"href":"https:\/\/radiowebmx.com\/nota\/wp-json\/wp\/v2\/media\/14383"}],"wp:attachment":[{"href":"https:\/\/radiowebmx.com\/nota\/wp-json\/wp\/v2\/media?parent=14382"}],"wp:term":[{"taxonomy":"category","embeddable":true,"href":"https:\/\/radiowebmx.com\/nota\/wp-json\/wp\/v2\/categories?post=14382"},{"taxonomy":"post_tag","embeddable":true,"href":"https:\/\/radiowebmx.com\/nota\/wp-json\/wp\/v2\/tags?post=14382"}],"curies":[{"name":"wp","href":"https:\/\/api.w.org\/{rel}","templated":true}]}}