{"id":14379,"date":"2015-04-06T13:34:32","date_gmt":"2015-04-06T18:34:32","guid":{"rendered":"https:\/\/radiowebmx.com\/nota\/?p=14379"},"modified":"2015-04-06T13:34:32","modified_gmt":"2015-04-06T18:34:32","slug":"la-luz-de-la-esperanza-recorre-calles-y-cielo-de-morelia","status":"publish","type":"post","link":"https:\/\/radiowebmx.com\/nota\/la-luz-de-la-esperanza-recorre-calles-y-cielo-de-morelia\/","title":{"rendered":"La luz de la esperanza recorre calles y cielo de Morelia"},"content":{"rendered":"<pre>La luz de la esperanza para\u00a0\r\nMichoac\u00e1n, de un cambio verdadero, ilumin\u00f3 calles y cielo de Morelia,\u00a0\r\ny es que la candidata a la gubernatura del estado por el Partido\u00a0\r\nMORENA, Mar\u00eda de la Luz N\u00fa\u00f1ez Ramos, encabez\u00f3 un recorrido por la paz,\u00a0\r\nla justicia social y la transformaci\u00f3n democr\u00e1tica.\r\nLa marcha parti\u00f3 a pie desde la casa de campa\u00f1a de Mar\u00eda de la Luz,\u00a0\r\nubicada en la colonia Chapultepec Norte, pasando por Ventura Puente,\u00a0\r\npara llegar al Acueducto y de ah\u00ed llegar hasta la Plaza Melchor\u00a0\r\nOcampo, en el primer cuadro de la ciudad.\r\nMilitantes, brigadistas, simpatizantes, amigos todos, acompa\u00f1aron en\u00a0\r\nla peregrinaci\u00f3n a Mar\u00eda de la Luz portando antorchas y candiles,\u00a0\r\ncantando el himno de MORENA, orgullosos de ser los protagonistas del\u00a0\r\ncambio verdadero.\r\nEl dirigente estatal de MORENA, Miguel \u00c1ngel Sandoval, form\u00f3 parte del\u00a0\r\nrecorrido, y una vez en el lugar de destino lanz\u00f3 un llamado a toda la\u00a0\r\nsociedad que est\u00e1 decepcionada de los gobiernos traidores a la patria\u00a0\r\na sumarse a la luz de la esperanza, \u201cporque el 7 de junio Michoac\u00e1n\u00a0\r\npor fin ver\u00e1 la luz\u201d.\r\nPor su parte, la candidata entreg\u00f3 globos de Cantoya a las familias\u00a0\r\nque disfrutaban un agradable domingo a un costado de la Catedral\u00a0\r\nMetropolitana y, despu\u00e9s de un breve mensaje, las figuras de colores\u00a0\r\ncomenzaron a surcar el cielo, colocando los ideales de MORENA por todo\u00a0\r\nlo alto.<\/pre>\n","protected":false},"excerpt":{"rendered":"<p>La luz de la esperanza para Michoac\u00e1n, de un cambio verdadero, ilumin\u00f3 calles y cielo de Morelia, y es que la candidata a la gubernatura del estado por el Partido MORENA, Mar\u00eda de la Luz N\u00fa\u00f1ez Ramos, encabez\u00f3 un recorrido por la paz, la justicia social y la transformaci\u00f3n democr\u00e1tica.<\/p>\n","protected":false},"author":1,"featured_media":14380,"comment_status":"open","ping_status":"open","sticky":false,"template":"","format":"standard","meta":{"footnotes":""},"categories":[14,11],"tags":[],"class_list":["post-14379","post","type-post","status-publish","format-standard","has-post-thumbnail","hentry","category-destacadas","category-partidos-politicos"],"_links":{"self":[{"href":"https:\/\/radiowebmx.com\/nota\/wp-json\/wp\/v2\/posts\/14379","targetHints":{"allow":["GET"]}}],"collection":[{"href":"https:\/\/radiowebmx.com\/nota\/wp-json\/wp\/v2\/posts"}],"about":[{"href":"https:\/\/radiowebmx.com\/nota\/wp-json\/wp\/v2\/types\/post"}],"author":[{"embeddable":true,"href":"https:\/\/radiowebmx.com\/nota\/wp-json\/wp\/v2\/users\/1"}],"replies":[{"embeddable":true,"href":"https:\/\/radiowebmx.com\/nota\/wp-json\/wp\/v2\/comments?post=14379"}],"version-history":[{"count":1,"href":"https:\/\/radiowebmx.com\/nota\/wp-json\/wp\/v2\/posts\/14379\/revisions"}],"predecessor-version":[{"id":14381,"href":"https:\/\/radiowebmx.com\/nota\/wp-json\/wp\/v2\/posts\/14379\/revisions\/14381"}],"wp:featuredmedia":[{"embeddable":true,"href":"https:\/\/radiowebmx.com\/nota\/wp-json\/wp\/v2\/media\/14380"}],"wp:attachment":[{"href":"https:\/\/radiowebmx.com\/nota\/wp-json\/wp\/v2\/media?parent=14379"}],"wp:term":[{"taxonomy":"category","embeddable":true,"href":"https:\/\/radiowebmx.com\/nota\/wp-json\/wp\/v2\/categories?post=14379"},{"taxonomy":"post_tag","embeddable":true,"href":"https:\/\/radiowebmx.com\/nota\/wp-json\/wp\/v2\/tags?post=14379"}],"curies":[{"name":"wp","href":"https:\/\/api.w.org\/{rel}","templated":true}]}}