{"id":14376,"date":"2015-04-06T13:29:24","date_gmt":"2015-04-06T18:29:24","guid":{"rendered":"https:\/\/radiowebmx.com\/nota\/?p=14376"},"modified":"2015-04-06T13:29:24","modified_gmt":"2015-04-06T18:29:24","slug":"repunta-afluencia-turistica-en-michoacan","status":"publish","type":"post","link":"https:\/\/radiowebmx.com\/nota\/repunta-afluencia-turistica-en-michoacan\/","title":{"rendered":"REPUNTA AFLUENCIA TUR\u00cdSTICA EN MICHOAC\u00c1N"},"content":{"rendered":"<p>Un crecimiento del 10%, registra hasta el momento la afluencia de turistas durante la presente temporada vacacional de Semana Santa, en relaci\u00f3n con el mismo periodo del a\u00f1o anterior.<\/p>\n<p>As\u00ed lo dio a conocer el secretario de Turismo del Estado, Carlos \u00c1vila Pedraza, con base en reportes preliminares e informaci\u00f3n de la Asociaci\u00f3n de Hoteles y Moteles de Michoac\u00e1n, A.C.<\/p>\n<p>\u00c1vila Pedraza coment\u00f3 que los mercados tur\u00edsticos m\u00e1s importantes de Michoac\u00e1n han respondido de manera significativa, de tal forma que como principales generadores de afluencia nacional mantienen su preponderancia los estados de Jalisco, Guanajuato, Estado de M\u00e9xico, Quer\u00e9taro y el Distrito Federal.<\/p>\n<p>En cuanto al turismo internacional, estim\u00f3 que se espera una recuperaci\u00f3n significativa, toda vez que se reportaron viajeros provenientes de Estados Unidos, Canad\u00e1, Guatemala, Costa Rica, Colombia, Brasil, Argentina, Chile,\u00a0 Inglaterra, Espa\u00f1a, Francia, Alemania, Grecia, China, Corea, Islandia y Rusia.<\/p>\n<p>\u00c1vila Pedraza estim\u00f3 que \u201cs\u00ed podemos hablar de una recuperaci\u00f3n significativa en el flujo de paseantes internacionales\u201d.<\/p>\n<p>Por otra parte, de acuerdo con la Universidad Michoacana de San Nicol\u00e1s de Hidalgo, tanto el turista nacional como internacional destacaron la belleza de las ciudades, la limpieza de la capital michoacana, la riqueza del programa de eventos y la percepci\u00f3n de seguridad.<\/p>\n<p>Como puntos a mejorar estimaron el fortalecimiento en la capacitaci\u00f3n al personal de los m\u00f3dulos de atenci\u00f3n al turista y la necesidad de incrementar tirajes de los materiales de mapas e informaci\u00f3n tur\u00edstica.<\/p>\n<p>En la v\u00edspera del inicio de la veda electoral, el secretario destac\u00f3 que la dependencia mantendr\u00e1 su ritmo de trabajo con estricto apego a la norma\u00a0 establecida; &#8220;ser\u00e1 un momento importante para que los prestadores de servicios y organismos involucrados en la industria tur\u00edstica impulsen la difusi\u00f3n de los eventos, las bellezas y los atractivos de la entidad para mantener la presencia de Michoac\u00e1n en la mente de los viajeros potenciales\u201d.<\/p>\n<p>Agradeci\u00f3 la participaci\u00f3n activa que han tenido en esta temporada vacacional tanto los representantes de la industria tur\u00edstica como las corporaciones de Seguridad, Protecci\u00f3n Civil, Concesionarios de Autopistas y \u00c1ngeles Verdes, entre otras dependencias y organismos.<\/p>\n<p>Finalmente, el funcionario estatal subray\u00f3 la importancia de que los propios michoacanos participen en la divulgaci\u00f3n de las bellezas, atractivos y lo bueno que hay en la entidad.<\/p>\n","protected":false},"excerpt":{"rendered":"<p>Un crecimiento del 10%, registra hasta el momento la afluencia de turistas durante la presente temporada vacacional de Semana Santa, en relaci\u00f3n con el mismo periodo del a\u00f1o anterior.<\/p>\n","protected":false},"author":1,"featured_media":14377,"comment_status":"open","ping_status":"open","sticky":false,"template":"","format":"standard","meta":{"footnotes":""},"categories":[14,3],"tags":[],"class_list":["post-14376","post","type-post","status-publish","format-standard","has-post-thumbnail","hentry","category-destacadas","category-gobierno-del-estado-de-michoacan"],"_links":{"self":[{"href":"https:\/\/radiowebmx.com\/nota\/wp-json\/wp\/v2\/posts\/14376","targetHints":{"allow":["GET"]}}],"collection":[{"href":"https:\/\/radiowebmx.com\/nota\/wp-json\/wp\/v2\/posts"}],"about":[{"href":"https:\/\/radiowebmx.com\/nota\/wp-json\/wp\/v2\/types\/post"}],"author":[{"embeddable":true,"href":"https:\/\/radiowebmx.com\/nota\/wp-json\/wp\/v2\/users\/1"}],"replies":[{"embeddable":true,"href":"https:\/\/radiowebmx.com\/nota\/wp-json\/wp\/v2\/comments?post=14376"}],"version-history":[{"count":1,"href":"https:\/\/radiowebmx.com\/nota\/wp-json\/wp\/v2\/posts\/14376\/revisions"}],"predecessor-version":[{"id":14378,"href":"https:\/\/radiowebmx.com\/nota\/wp-json\/wp\/v2\/posts\/14376\/revisions\/14378"}],"wp:featuredmedia":[{"embeddable":true,"href":"https:\/\/radiowebmx.com\/nota\/wp-json\/wp\/v2\/media\/14377"}],"wp:attachment":[{"href":"https:\/\/radiowebmx.com\/nota\/wp-json\/wp\/v2\/media?parent=14376"}],"wp:term":[{"taxonomy":"category","embeddable":true,"href":"https:\/\/radiowebmx.com\/nota\/wp-json\/wp\/v2\/categories?post=14376"},{"taxonomy":"post_tag","embeddable":true,"href":"https:\/\/radiowebmx.com\/nota\/wp-json\/wp\/v2\/tags?post=14376"}],"curies":[{"name":"wp","href":"https:\/\/api.w.org\/{rel}","templated":true}]}}