{"id":14373,"date":"2015-04-06T13:27:09","date_gmt":"2015-04-06T18:27:09","guid":{"rendered":"https:\/\/radiowebmx.com\/nota\/?p=14373"},"modified":"2015-04-06T13:27:09","modified_gmt":"2015-04-06T18:27:09","slug":"morelia-se-muestra-como-ciudad-tranquila-y-hospitalaria-abud","status":"publish","type":"post","link":"https:\/\/radiowebmx.com\/nota\/morelia-se-muestra-como-ciudad-tranquila-y-hospitalaria-abud\/","title":{"rendered":"Morelia se muestra como ciudad  tranquila y hospitalaria : Abud"},"content":{"rendered":"<p>Con la preservaci\u00f3n de tradiciones como la Procesi\u00f3n del Silencio, celebrada en el Centro Hist\u00f3rico de la capital michoacana, se rescata el sentido de pertenencia y el orgullo de ser moreliano afirm\u00f3 el alcalde Salvador Abud Mirabent, quien acompa\u00f1ado de su familia presenci\u00f3 el solemne recorrido.<\/p>\n<p>&nbsp;<\/p>\n<p>Con la presencia de miles de familias morelianas que se dieron cita en el coraz\u00f3n de la ciudad, Morelia nos muestra otra cara, la de una ciudad tranquila donde se puede convivir, donde la gente participa de las actividades religiosas de Semana Santa, confiados en que existe una fuerza ciudadana que los protege, coment\u00f3 el edil moreliano.<\/p>\n<p>&nbsp;<\/p>\n<p>\u201cEsper\u00e1bamos una buena afluencia, se cumplieron las expectativas, la gente tiene confianza, los morelianos nos sentirnos orgullosos de nuestra ciudad, de la herencia hist\u00f3rica, cultural\u201d se\u00f1al\u00f3 Abud Mirabent.<\/p>\n<p>&nbsp;<\/p>\n<p>Tras exhortar a los ciudadanos a cuidar y preservar las tradiciones, de la misma forma hizo un llamado para que no desperdicien el agua este S\u00e1bado de Gloria, de ser posible buscar una nueva manera de celebrar este d\u00eda.<\/p>\n<p>&nbsp;<\/p>\n<p>Como resultado de las acciones que el Gobierno Municipal implement\u00f3 en esta primera semana del periodo vacacional, que enmarca los d\u00edas Santos, se han tenido resultados favorables y han superado las expectativas en cuanto a la visita de turistas en la capital del estado.<\/p>\n<p>&nbsp;<\/p>\n<p>Durante el recorrido de los 7 templos que se celebr\u00f3 este 2 de abril, se presenci\u00f3 una\u00a0 gran afluencia tur\u00edstica, sobre todo para quienes circulaban y caminaban por las principales v\u00edas de Morelia, en particular en el primer cuadro de la ciudad, esto sumado a los m\u00e1s de 30 mil visitantes que se dieron cita en los diferentes templos religiosos para dar tributo a sus tradiciones.<\/p>\n<p>&nbsp;<\/p>\n<p>As\u00ed mismo, para este viernes se llev\u00f3 a cabo la tradicional procesi\u00f3n del silencio en su edici\u00f3n n\u00famero 39 de manera ininterrumpida y\u00a0 que tuvo una participaci\u00f3n de 20 cofrad\u00edas conformadas por m\u00e1s de 2 mil feligreses de distintos templos y colonias de la ciudad, que acuden a este llamado religioso gracias a su vocaci\u00f3n y fe.<\/p>\n<p>&nbsp;<\/p>\n<p>La procesi\u00f3n dio inicio en punto de las 19:00 horas en la calzada Fray Antonio de San Miguel, para posteriormente seguir su camino por la avenida Madero hasta llegar a la Catedral de Morelia, en donde el Cardenal Alberto Su\u00e1rez Inda dio el p\u00e9same a la Virgen de la Soledad, anfitriona de esta procesi\u00f3n; posteriormente se continu\u00f3 por la calle Abasolo, rodeando la plaza de armas para tomar Allende y siguiendo hasta desembocar en la plaza San Francisco, para tomar Ortega y Monta\u00f1ez y finalizar en la iglesia de las Capuchinas.<\/p>\n<p>&nbsp;<\/p>\n<p>La Procesi\u00f3n fue vista por m\u00e1s de 35 mil personas, quienes aguardaron desde horas antes de que empezara y que, a su vez, daban vida a trav\u00e9s del silencio a esta tradici\u00f3n cat\u00f3lica que se ha convertido en una de las m\u00e1s majestuosas a nivel nacional seguidas por las procesiones de Zacatecas y San Luis Potos\u00ed.<\/p>\n<p>&nbsp;<\/p>\n<p>De acuerdo con el Secretario de Turismo y Cultura municipal, Armando Enrique Rivera Ruiz, este periodo vacacional se ha llevado al cabo bajo el cobijo de las instituciones municipales, como la Fuerza Ciudadana, Protecci\u00f3n Civil, Aseo P\u00fablico, Alumbrado P\u00fablico, Parques y Jardines, la Coordinaci\u00f3n del Centro Hist\u00f3rico, quienes mediante su arduo trabajo se han asegurado de que los turistas que est\u00e1n de visita en la capital, reciban la mejor de las atenciones y puedan regresar a sus destinos con las ganas de presumir a Morelia y de volverlos a tener de vuelta en los pr\u00f3ximos periodos vacacionales.<\/p>\n","protected":false},"excerpt":{"rendered":"<p>Con la preservaci\u00f3n de tradiciones como la Procesi\u00f3n del Silencio, celebrada en el Centro Hist\u00f3rico de la capital michoacana, se rescata el sentido de pertenencia y el orgullo de ser moreliano afirm\u00f3 el alcalde Salvador Abud Mirabent, quien acompa\u00f1ado de su familia presenci\u00f3 el solemne recorrido.<\/p>\n","protected":false},"author":1,"featured_media":14374,"comment_status":"open","ping_status":"open","sticky":false,"template":"","format":"standard","meta":{"footnotes":""},"categories":[14,9],"tags":[],"class_list":["post-14373","post","type-post","status-publish","format-standard","has-post-thumbnail","hentry","category-destacadas","category-morelia"],"_links":{"self":[{"href":"https:\/\/radiowebmx.com\/nota\/wp-json\/wp\/v2\/posts\/14373","targetHints":{"allow":["GET"]}}],"collection":[{"href":"https:\/\/radiowebmx.com\/nota\/wp-json\/wp\/v2\/posts"}],"about":[{"href":"https:\/\/radiowebmx.com\/nota\/wp-json\/wp\/v2\/types\/post"}],"author":[{"embeddable":true,"href":"https:\/\/radiowebmx.com\/nota\/wp-json\/wp\/v2\/users\/1"}],"replies":[{"embeddable":true,"href":"https:\/\/radiowebmx.com\/nota\/wp-json\/wp\/v2\/comments?post=14373"}],"version-history":[{"count":1,"href":"https:\/\/radiowebmx.com\/nota\/wp-json\/wp\/v2\/posts\/14373\/revisions"}],"predecessor-version":[{"id":14375,"href":"https:\/\/radiowebmx.com\/nota\/wp-json\/wp\/v2\/posts\/14373\/revisions\/14375"}],"wp:featuredmedia":[{"embeddable":true,"href":"https:\/\/radiowebmx.com\/nota\/wp-json\/wp\/v2\/media\/14374"}],"wp:attachment":[{"href":"https:\/\/radiowebmx.com\/nota\/wp-json\/wp\/v2\/media?parent=14373"}],"wp:term":[{"taxonomy":"category","embeddable":true,"href":"https:\/\/radiowebmx.com\/nota\/wp-json\/wp\/v2\/categories?post=14373"},{"taxonomy":"post_tag","embeddable":true,"href":"https:\/\/radiowebmx.com\/nota\/wp-json\/wp\/v2\/tags?post=14373"}],"curies":[{"name":"wp","href":"https:\/\/api.w.org\/{rel}","templated":true}]}}