{"id":14351,"date":"2015-04-06T12:18:49","date_gmt":"2015-04-06T17:18:49","guid":{"rendered":"https:\/\/radiowebmx.com\/nota\/?p=14351"},"modified":"2015-04-06T12:18:49","modified_gmt":"2015-04-06T17:18:49","slug":"no-deben-regresar-los-que-sembraron-angustia-en-michoacan-agustin-trujillo","status":"publish","type":"post","link":"https:\/\/radiowebmx.com\/nota\/no-deben-regresar-los-que-sembraron-angustia-en-michoacan-agustin-trujillo\/","title":{"rendered":"NO DEBEN REGRESAR LOS QUE SEMBRARON ANGUSTIA EN MICHOAC\u00c1N: AGUST\u00cdN TRUJILLO."},"content":{"rendered":"<p>No se le puede ni se le debe devolver el poder a quienes pusieron nuestras vidas en manos de la intranquilidad y en manos de la angustia, sentenci\u00f3 el presidente del PRI en Michoac\u00e1n Agust\u00edn Trujillo I\u00f1guez.<\/p>\n<p>&nbsp;<\/p>\n<p>En el arranque de campa\u00f1a oficial, el legislador federal se\u00f1al\u00f3 que\u00a0en Michoac\u00e1n hay 12 candidatos a diputados federales pri\u00edstas, seis extraordinarios hombres y seis talentosas mujeres, todos ellos liderados por un gran hombre, empresario, pol\u00edtico pero sobre todo sabedor de las carencias que hay en Michoac\u00e1n, el candidato al solio de Ocampo, Chon Orihuela.<\/p>\n<p>&nbsp;<\/p>\n<p>En el arranque de campa\u00f1a del candidato a gobernador de Michoac\u00e1n en este municipio, la Secretaria General del CEN del PRI, Ivonne Ortega Pacheco, subray\u00f3 el apoyo y el respaldo que existe del pri\u00edsmo nacional hacia el ingeniero, Ascensi\u00f3n Orihuela B\u00e1rcenas.<\/p>\n<p>&nbsp;<\/p>\n<p>La exgobernadora de Yucat\u00e1n, se\u00f1al\u00f3 que los michoacanos necesitan un gobernador que trabaje de la mano con el Presidente de la Rep\u00fablica, Enrique Pe\u00f1a Nieto, \u201ces Chon Orihuela el \u00fanico candidato que seguir\u00e1 el plan de reconstrucci\u00f3n que ha iniciado el gobierno federal\u201d extern\u00f3.<\/p>\n<p>&nbsp;<\/p>\n<p>Ortega Pacheco, puntualiz\u00f3 que los gobiernos del PAN en la Rep\u00fablica y del PRD en el estado se encargaron de romper\u00a0 la tranquilidad de los michoacanos y por este motivo el PRI no puede permitir que los abanderados de otros institutos pol\u00edticos lleguen al poder.<\/p>\n<p>&nbsp;<\/p>\n<p>\u201cEstoy segura que transformaremos Michoac\u00e1n, que el cambio llegar\u00e1 el pr\u00f3ximo 7 de junio, porque vamos a ganar, Chon gobernar\u00e1 por las necesidades de los michoacanos, y tomar\u00e1 las mejores decisiones para sacar adelante al estado\u201d sentenci\u00f3.<\/p>\n<p>&nbsp;<\/p>\n<p>La Secretaria General, mostr\u00f3 la confianza que hay de todos los pri\u00edstas para conseguir la victoria el 7 de junio y extern\u00f3 que Chon Orihuela ser\u00e1 el pr\u00f3ximo gobernador de Michoac\u00e1n con un amplia mayor\u00eda de votos sobre los dem\u00e1s contendientes.<\/p>\n<p>&nbsp;<\/p>\n<p>En su intervenci\u00f3n, el candidato del PRI al gobierno del estado, Jos\u00e9 Ascensi\u00f3n Orihuela B\u00e1rcenas, habl\u00f3 de los proyectos que tiene para el estado, manifest\u00f3 que de ninguna forma se puede permitir el retorno de gobiernos amarillos o azules.<\/p>\n<p>&nbsp;<\/p>\n<p>Chon Orihuela, subray\u00f3 las necesidades que tiene Michoac\u00e1n y se comprometi\u00f3 con los michoacanos a trabajar duro contra ellas, \u201ctrabajar\u00e9 con todas las ganas para generar empleos, para devolverles la tranquilidad a los michoacanos, para ubicar al estado en los primeros lugares de educaci\u00f3n y para solventar el quebranto financiero que otros dejaron\u201d finaliz\u00f3.<\/p>\n<p>&nbsp;<\/p>\n<p>Por su parte el Presidente del CDE del PRI en Michoac\u00e1n, Agust\u00edn Trujillo \u00cd\u00f1iguez, en compa\u00f1\u00eda de candidatos a diputados federales, manifest\u00f3 que este nuevo PRI, \u00a0es el de la transformaci\u00f3n, el que quiere construir una propuesta de gobierno que sea producto de las demandas y reclamos de los michoacanos.<\/p>\n<p>&nbsp;<\/p>\n<p>El tambi\u00e9n Senador de la Rep\u00fablica, ratific\u00f3 que \u201cesta es la campa\u00f1a de un partido con una visi\u00f3n diferente, en el que todos somos importantes; en el que todos cabemos; en el que todos somos iguales, en el que todos vamos a ganar\u201d.<\/p>\n<p>&nbsp;<\/p>\n<p>El ex presidente municipal de Chinicuila, dijo ante miles de asistentes que Michoac\u00e1n estuvo gravemente herida por la inseguridad y la violencia y puntualiz\u00f3 \u201cNo vamos a permitir que los michoacanos vuelvan\u00a0 a vivir con miedo\u201d<\/p>\n<p>&nbsp;<\/p>\n<p>\u201cNuestros abanderados van a buscar afanosamente el voto, comprometi\u00e9ndose con la educaci\u00f3n de calidad y para todos, con el acceso a la salud, con el desarrollo social \u00a0y con la generaci\u00f3n de empleos\u201d se\u00f1al\u00f3 el dirigente pri\u00edsta.<\/p>\n<p>&nbsp;<\/p>\n<p>El l\u00edder del tricolor, dijo que con el PRI en el gobierno \u201cvamos a respaldar los programas, obras y servicios, as\u00ed como las reformas que responden a lo deseable, pero que est\u00e1n dentro de lo posible que ha impulsado nuestro l\u00edder indiscutible, nuestro presidente el presidente de todos los mexicanos Enrique Pe\u00f1a Nieto\u201d<\/p>\n<p>&nbsp;<\/p>\n<p>Por su parte el candidato a diputado federal por el Distrito Federal 12 con cabecera en Apatzing\u00e1n, Omar No\u00e9 Bernardino, manifest\u00f3 que con Chon Orihuela la zona de tierra caliente del estado volver\u00e1 a ser la m\u00e1s importante en Michoac\u00e1n y en el Pa\u00eds.<\/p>\n<p>&nbsp;<\/p>\n<p>El exdiputado local, solicit\u00f3 el apoyo de todos los michoacanos para que el pr\u00f3ximo 7 de junio voten en las urnas por el candidato del Revolucionario Institucional, \u201csabemos que esta zona se ha visto muy afectada por los problemas de inseguridad, sin embargo el gobierno del PRI a apostado por recuperar la tranquilidad y Chon seguir\u00e1, sin lugar a dudas con ese gran trabajo\u201d.<\/p>\n<p>&nbsp;<\/p>\n<p>En dicho evento que cont\u00f3 con la presencia de m\u00e1s de mil michoacanos de todo el estado, tambi\u00e9n estuvieron presentes los exgobernadores, V\u00edctor Manuel Tinoco Rub\u00ed, Ausencio Ch\u00e1vez Hern\u00e1ndez y Genovevo Figueroa Zamudio.<\/p>\n<p>&nbsp;<\/p>\n<p>De igual forma estuvieron presentes, el Delegado del CEN en Michoac\u00e1n, Jes\u00fas Casillas Romero, la dirigente estatal del ONMPRI, Rocio Pineda Gochi, el ex alcalde de Morelia, Salvador L\u00f3pez Ordu\u00f1a y el ex secretario de gobierno Enrique Bautista Villegas.<\/p>\n<p>&nbsp;<\/p>\n","protected":false},"excerpt":{"rendered":"<p>No se le puede ni se le debe devolver el poder a quienes pusieron nuestras vidas en manos de la intranquilidad y en manos de la angustia, sentenci\u00f3 el presidente del PRI en Michoac\u00e1n Agust\u00edn Trujillo I\u00f1guez.<\/p>\n","protected":false},"author":1,"featured_media":14352,"comment_status":"open","ping_status":"open","sticky":false,"template":"","format":"standard","meta":{"footnotes":""},"categories":[14,11,12],"tags":[],"class_list":["post-14351","post","type-post","status-publish","format-standard","has-post-thumbnail","hentry","category-destacadas","category-partidos-politicos","category-pri"],"_links":{"self":[{"href":"https:\/\/radiowebmx.com\/nota\/wp-json\/wp\/v2\/posts\/14351","targetHints":{"allow":["GET"]}}],"collection":[{"href":"https:\/\/radiowebmx.com\/nota\/wp-json\/wp\/v2\/posts"}],"about":[{"href":"https:\/\/radiowebmx.com\/nota\/wp-json\/wp\/v2\/types\/post"}],"author":[{"embeddable":true,"href":"https:\/\/radiowebmx.com\/nota\/wp-json\/wp\/v2\/users\/1"}],"replies":[{"embeddable":true,"href":"https:\/\/radiowebmx.com\/nota\/wp-json\/wp\/v2\/comments?post=14351"}],"version-history":[{"count":2,"href":"https:\/\/radiowebmx.com\/nota\/wp-json\/wp\/v2\/posts\/14351\/revisions"}],"predecessor-version":[{"id":14354,"href":"https:\/\/radiowebmx.com\/nota\/wp-json\/wp\/v2\/posts\/14351\/revisions\/14354"}],"wp:featuredmedia":[{"embeddable":true,"href":"https:\/\/radiowebmx.com\/nota\/wp-json\/wp\/v2\/media\/14352"}],"wp:attachment":[{"href":"https:\/\/radiowebmx.com\/nota\/wp-json\/wp\/v2\/media?parent=14351"}],"wp:term":[{"taxonomy":"category","embeddable":true,"href":"https:\/\/radiowebmx.com\/nota\/wp-json\/wp\/v2\/categories?post=14351"},{"taxonomy":"post_tag","embeddable":true,"href":"https:\/\/radiowebmx.com\/nota\/wp-json\/wp\/v2\/tags?post=14351"}],"curies":[{"name":"wp","href":"https:\/\/api.w.org\/{rel}","templated":true}]}}