{"id":14342,"date":"2015-04-06T12:04:15","date_gmt":"2015-04-06T17:04:15","guid":{"rendered":"https:\/\/radiowebmx.com\/nota\/?p=14342"},"modified":"2015-04-06T12:04:15","modified_gmt":"2015-04-06T17:04:15","slug":"aguacateros-reconocen-a-chon-orihuela-fue-quien-impulso-la-exportacion-del-oro-verde","status":"publish","type":"post","link":"https:\/\/radiowebmx.com\/nota\/aguacateros-reconocen-a-chon-orihuela-fue-quien-impulso-la-exportacion-del-oro-verde\/","title":{"rendered":"AGUACATEROS RECONOCEN A CHON ORIHUELA; FUE QUIEN IMPULS\u00d3 LA EXPORTACI\u00d3N DEL ORO VERDE"},"content":{"rendered":"<p>Aguacateros del municipio de Uruapan entregaron un reconocimiento a Chon Orihuela al destacar que en sus diferentes encomiendas ha cumplido los compromisos adquiridos. Muestra de ello fue el impulso decidido que dio para la exportaci\u00f3n del aguacate y que permiti\u00f3 a Michoac\u00e1n ser n\u00famero uno en ese tema en todo el pa\u00eds.<\/p>\n<p>&nbsp;<\/p>\n<p>Sin duda, comentaron quienes estuvieron encabezados por Benjam\u00edn Grayeb Ruiz, presidente del Consejo Nacional Agropecuario, el candidato del PRI y del PVEM al gobierno de Michoac\u00e1n, cuenta con la experiencia necesaria para dar continuidad a las acciones de orden que desde hace un a\u00f1o emprende el gobierno federal, aunado a que siempre cumple sus compromisos.<\/p>\n<p>&nbsp;<\/p>\n<p>Acompa\u00f1ado por los ex gobernadores V\u00edctor Manuel Tinoco, Ausencio Ch\u00e1vez y Genovevo Figueroa, Chon Orihuela enfatiz\u00f3 la posibilidad de emprender acciones efectivas para avanzar en la soluci\u00f3n de los problemas que se han presentado en la entidad y que tanto da\u00f1o hicieron a todos los michoacanos.<\/p>\n<p>&nbsp;<\/p>\n<p>De hecho, el candidato al PRI y PVEM, Jos\u00e9 Ascenci\u00f3n Orihuela B\u00e1rcenas, se pronunci\u00f3 porque no haya m\u00e1s gobiernos de corrupci\u00f3n, a pregunta expresa de los reporteros de si Fausto Vallejo tambi\u00e9n era parte de ello. Chon Orihuela dej\u00f3 en claro que no, que su gobierno fue arrollado por la inercia y tuvo el respaldo absoluto de la federaci\u00f3n no solo para frenar sino para recomponer.<\/p>\n<p>&nbsp;<\/p>\n<p>Previamente, Chon Orihuela reconoci\u00f3 la labor de los transportistas y recalc\u00f3 su compromiso con este sector, luego de que miles de trabajadores del volante que anteriormente simpatizaban con otro partido pol\u00edtico decidieron sumarse al proyecto del pri\u00edsta.<\/p>\n<p>&nbsp;<\/p>\n<p>De hecho, Miguel Corona Salto manifest\u00f3 su determinaci\u00f3n de regresar a las filas del PRI debido a que &#8220;el mejor candidato que se postul\u00f3 fue Chon Orihuela&#8221;. Hay que destacar que tambi\u00e9n se sumaron integrantes de los grupos de Humberto Arroniz e Ignacio Colina.<\/p>\n<p>&nbsp;<\/p>\n<p>Orihuela B\u00e1rcenas les agradeci\u00f3 su apoyo y les reconoci\u00f3 el compromiso que tienen al ofrecer el servicio a la ciudadan\u00eda, con un trabajo honrado que les permite llevar el sustento a cada una de sus familias.<\/p>\n<p>&nbsp;<\/p>\n<p>Es de mencionar que algunas de las rutas que estuvieron presentes fueron: Naranja, Azul, Verde, Roja, Morada, as\u00ed como camiones, quienes luego de escuchar el mensaje de Chon Orihuela, llevaron a cabo la pega de calcas en m\u00e1s de mil unidades.<\/p>\n<p>&nbsp;<\/p>\n","protected":false},"excerpt":{"rendered":"<p>Aguacateros del municipio de Uruapan entregaron un reconocimiento a Chon Orihuela al destacar que en sus diferentes encomiendas ha cumplido los compromisos adquiridos. Muestra de ello fue el impulso decidido que dio para la exportaci\u00f3n del aguacate y que permiti\u00f3 a Michoac\u00e1n ser n\u00famero uno en ese tema en todo el pa\u00eds.<\/p>\n","protected":false},"author":1,"featured_media":14343,"comment_status":"open","ping_status":"open","sticky":false,"template":"","format":"standard","meta":{"footnotes":""},"categories":[14,11,12],"tags":[],"class_list":["post-14342","post","type-post","status-publish","format-standard","has-post-thumbnail","hentry","category-destacadas","category-partidos-politicos","category-pri"],"_links":{"self":[{"href":"https:\/\/radiowebmx.com\/nota\/wp-json\/wp\/v2\/posts\/14342","targetHints":{"allow":["GET"]}}],"collection":[{"href":"https:\/\/radiowebmx.com\/nota\/wp-json\/wp\/v2\/posts"}],"about":[{"href":"https:\/\/radiowebmx.com\/nota\/wp-json\/wp\/v2\/types\/post"}],"author":[{"embeddable":true,"href":"https:\/\/radiowebmx.com\/nota\/wp-json\/wp\/v2\/users\/1"}],"replies":[{"embeddable":true,"href":"https:\/\/radiowebmx.com\/nota\/wp-json\/wp\/v2\/comments?post=14342"}],"version-history":[{"count":1,"href":"https:\/\/radiowebmx.com\/nota\/wp-json\/wp\/v2\/posts\/14342\/revisions"}],"predecessor-version":[{"id":14344,"href":"https:\/\/radiowebmx.com\/nota\/wp-json\/wp\/v2\/posts\/14342\/revisions\/14344"}],"wp:featuredmedia":[{"embeddable":true,"href":"https:\/\/radiowebmx.com\/nota\/wp-json\/wp\/v2\/media\/14343"}],"wp:attachment":[{"href":"https:\/\/radiowebmx.com\/nota\/wp-json\/wp\/v2\/media?parent=14342"}],"wp:term":[{"taxonomy":"category","embeddable":true,"href":"https:\/\/radiowebmx.com\/nota\/wp-json\/wp\/v2\/categories?post=14342"},{"taxonomy":"post_tag","embeddable":true,"href":"https:\/\/radiowebmx.com\/nota\/wp-json\/wp\/v2\/tags?post=14342"}],"curies":[{"name":"wp","href":"https:\/\/api.w.org\/{rel}","templated":true}]}}