{"id":14338,"date":"2015-04-06T11:59:31","date_gmt":"2015-04-06T16:59:31","guid":{"rendered":"https:\/\/radiowebmx.com\/nota\/?p=14338"},"modified":"2015-04-06T11:59:31","modified_gmt":"2015-04-06T16:59:31","slug":"poniendo-orden-salimos-adelante-chon-orihuela","status":"publish","type":"post","link":"https:\/\/radiowebmx.com\/nota\/poniendo-orden-salimos-adelante-chon-orihuela\/","title":{"rendered":"PONIENDO ORDEN SALIMOS ADELANTE: CHON ORIHUELA"},"content":{"rendered":"<p>Al dar seguimiento a las acciones de orden que se han implementado en Michoac\u00e1n desde la federaci\u00f3n es como se podr\u00e1 consolidar la transformaci\u00f3n tan anhelada en la entidad, asegur\u00f3 Jos\u00e9 Ascenci\u00f3n Orihuela B\u00e1rcenas, candidato del PRI y del PVEM al gobierno del estado, al tiempo de indicar que esta campa\u00f1a que inici\u00f3 consolidar\u00e1 el camino de Michoac\u00e1n hacia la ruta de la tranquilidad.<\/p>\n<p>&nbsp;<\/p>\n<p>En los primeros minutos de este cinco de abril y consecuente a que siempre ha respetado la ley, Chon Orihuela\u00a0 agreg\u00f3 que inicia con fuerza el trabajo para el que servir\u00e1 y en consecuencia impulsar\u00e1 el crecimiento econ\u00f3mico y el desarrollo que tanto se necesita en el estado.<\/p>\n<p>&nbsp;<\/p>\n<p>El abanderado de los partidos Revoluiconario Institiucional y Verde Ecologista, inici\u00f3 con gran \u00e9xito su campa\u00f1a al gobierno del estado de Michoac\u00e1n. En medio de porras y un gran entusiasmo de ciudadanos identificados con el proyecto encabezado por Chon Orihuela, se abrieron formalmente las puertas de su casa de campa\u00f1a, misma en la que todos son bienvenidos, ya que todos somos parte de la soluci\u00f3n a la problem\u00e1tica que aqueja a la entidad, manifest\u00f3 el candidato.<\/p>\n<p>&nbsp;<\/p>\n<p>Acompa\u00f1ado en todo momento por su esposa Carmen Estefan de Orihuela, de sus hijos Lorena y Eduardo, as\u00ed como de sus nietos Emiliano, Eduardo y P\u00eda, el ya varias veces ganador de contiendas electorales, Chon Orihuela, fue contundente al se\u00f1alar que es fundamental dar continuidad a las acciones de orden que se han llevado a cabo en Michoac\u00e1n, gracias a las acciones del gobierno federal.<\/p>\n<p>&nbsp;<\/p>\n<p>El candidato por el PRI y el PVEM, reconoci\u00f3 que son muchas las cosas en las que se debe trabajar para que el estado recupere la paz y la tranquilidad de que se gozaba hace poco m\u00e1s de 10 a\u00f1os, pero su experiencia le permitir\u00e1 lograr los est\u00e1ndares de desarrollo anhelados por todos los michoacanos.<\/p>\n<p>&nbsp;<\/p>\n<p>En este arranque, Chon Orihuela present\u00f3 a parte del equipo que lo acompa\u00f1ar\u00e1 en su trabajo en la b\u00fasqueda del voto a favor del PRI el pr\u00f3ximo siete de junio. Destac\u00f3 la presencia de experimentados pol\u00edticos, as\u00ed como una gran cantidad de j\u00f3venes y mujeres comprometidos con su proyecto de dar continuidad al orden para Michoac\u00e1n.<\/p>\n<p>&nbsp;<\/p>\n<p>De esta manera, parte del equipo de campa\u00f1a de Chon Orihuela se integra por V\u00edctor Manuel Tinoco Rub\u00ed como coordinador de campa\u00f1a sin candidato; Wilfrido L\u00e1zaro Medina, coordinador general; Mario Armando Mendoza en estrategia, planeaci\u00f3n y evaluaci\u00f3n; Jorge Ceballos en la oficina del candidato.<\/p>\n<p>&nbsp;<\/p>\n<p>Ra\u00fal Pineda es el secretario t\u00e9cnico de la campa\u00f1a de Chon Orihuela; Jaime Arturo V\u00e1zquez en la coordinaci\u00f3n de asesores; Estrellita Fuentes en evaluaci\u00f3n y seguimiento; Jordy Arres en atenci\u00f3n ciudadana; Jos\u00e9 Humberto Mart\u00ednez Morales es el coordinador de relaciones p\u00fablicas y Rigel Mac\u00edas el de invitados especiales.<\/p>\n<p>&nbsp;<\/p>\n<p>En tanto que la coordinaci\u00f3n de comunicaci\u00f3n social est\u00e1 a cargo de Roberto Monroy y en atenci\u00f3n a medios de comunicaci\u00f3n, Azucena Silva; Eva Mar\u00eda Pimentel en la campa\u00f1a permanente; Rodrigo Maldonado en la coordinaci\u00f3n con organizaciones de la sociedad civil; Luz Mar\u00eda Saavedra en el programa de mujeres y Emilio Sol\u00f3rzano en alianzas estrat\u00e9gicas.<\/p>\n<p>&nbsp;<\/p>\n<p>Chon Orihuela tambi\u00e9n present\u00f3 a Aldo Argueta y Mart\u00edn Far\u00edas como responsables del programa de promoci\u00f3n del voto joven; a Antonio Sosa en el programa GEOS; Manuel Montes en el \u00e1rea de finanzas y finalmente en las coordinaciones territoriales a Luis Olvera, Rodimiro Barrera, Guadalupe Calder\u00f3n y Salvador Galv\u00e1n.<\/p>\n","protected":false},"excerpt":{"rendered":"<p>Al dar seguimiento a las acciones de orden que se han implementado en Michoac\u00e1n desde la federaci\u00f3n es como se podr\u00e1 consolidar la transformaci\u00f3n tan anhelada en la entidad, asegur\u00f3 Jos\u00e9 Ascenci\u00f3n Orihuela B\u00e1rcenas, candidato del PRI y del PVEM al gobierno del estado, <\/p>\n","protected":false},"author":1,"featured_media":14339,"comment_status":"open","ping_status":"open","sticky":false,"template":"","format":"standard","meta":{"footnotes":""},"categories":[14,11,12],"tags":[],"class_list":["post-14338","post","type-post","status-publish","format-standard","has-post-thumbnail","hentry","category-destacadas","category-partidos-politicos","category-pri"],"_links":{"self":[{"href":"https:\/\/radiowebmx.com\/nota\/wp-json\/wp\/v2\/posts\/14338","targetHints":{"allow":["GET"]}}],"collection":[{"href":"https:\/\/radiowebmx.com\/nota\/wp-json\/wp\/v2\/posts"}],"about":[{"href":"https:\/\/radiowebmx.com\/nota\/wp-json\/wp\/v2\/types\/post"}],"author":[{"embeddable":true,"href":"https:\/\/radiowebmx.com\/nota\/wp-json\/wp\/v2\/users\/1"}],"replies":[{"embeddable":true,"href":"https:\/\/radiowebmx.com\/nota\/wp-json\/wp\/v2\/comments?post=14338"}],"version-history":[{"count":2,"href":"https:\/\/radiowebmx.com\/nota\/wp-json\/wp\/v2\/posts\/14338\/revisions"}],"predecessor-version":[{"id":14341,"href":"https:\/\/radiowebmx.com\/nota\/wp-json\/wp\/v2\/posts\/14338\/revisions\/14341"}],"wp:featuredmedia":[{"embeddable":true,"href":"https:\/\/radiowebmx.com\/nota\/wp-json\/wp\/v2\/media\/14339"}],"wp:attachment":[{"href":"https:\/\/radiowebmx.com\/nota\/wp-json\/wp\/v2\/media?parent=14338"}],"wp:term":[{"taxonomy":"category","embeddable":true,"href":"https:\/\/radiowebmx.com\/nota\/wp-json\/wp\/v2\/categories?post=14338"},{"taxonomy":"post_tag","embeddable":true,"href":"https:\/\/radiowebmx.com\/nota\/wp-json\/wp\/v2\/tags?post=14338"}],"curies":[{"name":"wp","href":"https:\/\/api.w.org\/{rel}","templated":true}]}}