{"id":14335,"date":"2015-04-01T13:10:36","date_gmt":"2015-04-01T19:10:36","guid":{"rendered":"https:\/\/radiowebmx.com\/nota\/?p=14335"},"modified":"2015-04-01T13:10:36","modified_gmt":"2015-04-01T19:10:36","slug":"morelia-participacion-destacada-en-encuentro-de-ciudades-educadoras","status":"publish","type":"post","link":"https:\/\/radiowebmx.com\/nota\/morelia-participacion-destacada-en-encuentro-de-ciudades-educadoras\/","title":{"rendered":"Morelia, participaci\u00f3n destacada en Encuentro de Ciudades Educadoras"},"content":{"rendered":"<p>Morelia es una de las ciudades educadoras mexicanas m\u00e1s notables, debido a su gran participaci\u00f3n de acciones municipales en la Asociaci\u00f3n Internacional de Ciudades Educadoras, resultado del compromiso y trabajo de todo el gabinete, se\u00f1al\u00f3 el Presidente municipal, Salvador Abud Mirabent.<b><\/b><\/p>\n<p><b>\u00a0<\/b><\/p>\n<p>Durante los d\u00edas 23 y 24 de abril pr\u00f3ximo, un total de\u00a060 ciudades de 13 pa\u00edses se dar\u00e1n cita para intercambiar experiencias sobre el\u00a0tema\u00a0\u201cLa Educaci\u00f3n en la Ciudad,\u00a0un Proyecto com\u00fan para Transformar el Espacio urbano en un\u00a0 Espacio educador\u201d, como parte del Tercer\u00a0Encuentro de Ciudades Educadoras de M\u00e9xico, Centroam\u00e9rica y el Caribe que tendr\u00e1 como sede la ciudad de Toluca.<\/p>\n<p>&nbsp;<\/p>\n<p>En esta ocasi\u00f3n, explic\u00f3 el edil, el Comit\u00e9 Cient\u00edfico Internacional de la AICE eligi\u00f3 como experiencias exitosas de Morelia los programas \u201cHaz Barrio, Compra Local\u201d, \u201cPromoviendo la cultura de paz, a trav\u00e9s de la Carta a la Tierra\u201d y \u201cArte en Tres Puentes\u201d, bajo los\u00a0ejes de Sociedad Civil Comprometida con la Educaci\u00f3n Ciudadana (participaci\u00f3n empresarial), Gobierno Local Impulsor de Valores C\u00edvicos \u00a0(cultura de paz) y Espacio Urbano Educador, que se presentar\u00e1n en el programa de talleres que prepara el encuentro.<\/p>\n<p>&nbsp;<\/p>\n<p>Asimismo, el programa municipal \u201cHaz Barrio, Compra local\u201d fue elegido como una experiencia exitosa para ser la representante de Morelia durante la Exposici\u00f3n de carteles que se llevar\u00e1 a cabo en la ciudad sede.<\/p>\n<p>&nbsp;<\/p>\n<p>Es importante mencionar que el programa \u201cHaz Barrio, Compra local\u201d surge\u00a0ante la necesidad de reactivar la econom\u00eda interna del municipio, as\u00ed como tambi\u00e9n para dar respuesta a la demanda del sector empresarial y crear h\u00e1bitos saludables de consumo, dijo Abud Mirabent.<\/p>\n<p>&nbsp;<\/p>\n<p>Dicho programa fomenta la participaci\u00f3n ciudadana, la concientizaci\u00f3n de los h\u00e1bitos del consumo en la econom\u00eda local, fortalece el sentido comunitario, promueve la solidaridad, desarrolla v\u00ednculos de identidad colectiva, as\u00ed como tambi\u00e9n fortalece una cultura del buen trato en los negocios locales y promueve el desarrollo local.<\/p>\n","protected":false},"excerpt":{"rendered":"<p>Morelia es una de las ciudades educadoras mexicanas m\u00e1s notables, debido a su gran participaci\u00f3n de acciones municipales en la Asociaci\u00f3n Internacional de Ciudades Educadoras, resultado del compromiso y trabajo de todo el gabinete, se\u00f1al\u00f3 el Presidente municipal, Salvador Abud Mirabent.<\/p>\n","protected":false},"author":1,"featured_media":14336,"comment_status":"open","ping_status":"open","sticky":false,"template":"","format":"standard","meta":{"footnotes":""},"categories":[14,9],"tags":[],"class_list":["post-14335","post","type-post","status-publish","format-standard","has-post-thumbnail","hentry","category-destacadas","category-morelia"],"_links":{"self":[{"href":"https:\/\/radiowebmx.com\/nota\/wp-json\/wp\/v2\/posts\/14335","targetHints":{"allow":["GET"]}}],"collection":[{"href":"https:\/\/radiowebmx.com\/nota\/wp-json\/wp\/v2\/posts"}],"about":[{"href":"https:\/\/radiowebmx.com\/nota\/wp-json\/wp\/v2\/types\/post"}],"author":[{"embeddable":true,"href":"https:\/\/radiowebmx.com\/nota\/wp-json\/wp\/v2\/users\/1"}],"replies":[{"embeddable":true,"href":"https:\/\/radiowebmx.com\/nota\/wp-json\/wp\/v2\/comments?post=14335"}],"version-history":[{"count":1,"href":"https:\/\/radiowebmx.com\/nota\/wp-json\/wp\/v2\/posts\/14335\/revisions"}],"predecessor-version":[{"id":14337,"href":"https:\/\/radiowebmx.com\/nota\/wp-json\/wp\/v2\/posts\/14335\/revisions\/14337"}],"wp:featuredmedia":[{"embeddable":true,"href":"https:\/\/radiowebmx.com\/nota\/wp-json\/wp\/v2\/media\/14336"}],"wp:attachment":[{"href":"https:\/\/radiowebmx.com\/nota\/wp-json\/wp\/v2\/media?parent=14335"}],"wp:term":[{"taxonomy":"category","embeddable":true,"href":"https:\/\/radiowebmx.com\/nota\/wp-json\/wp\/v2\/categories?post=14335"},{"taxonomy":"post_tag","embeddable":true,"href":"https:\/\/radiowebmx.com\/nota\/wp-json\/wp\/v2\/tags?post=14335"}],"curies":[{"name":"wp","href":"https:\/\/api.w.org\/{rel}","templated":true}]}}