{"id":1433,"date":"2013-02-25T12:47:24","date_gmt":"2013-02-25T18:47:24","guid":{"rendered":"https:\/\/radiowebmx.com\/nota\/?p=1433"},"modified":"2013-02-25T12:47:24","modified_gmt":"2013-02-25T18:47:24","slug":"asume-dip-alfonso-martinez-alcazar-presidencia-de-la-junta-de-coordinacion-politica","status":"publish","type":"post","link":"https:\/\/radiowebmx.com\/nota\/asume-dip-alfonso-martinez-alcazar-presidencia-de-la-junta-de-coordinacion-politica\/","title":{"rendered":"Asume Dip. Alfonso Mart\u00ednez Alc\u00e1zar, Presidencia de la Junta de Coordinaci\u00f3n Pol\u00edtica."},"content":{"rendered":"<p><a href=\"https:\/\/radiowebmx.com\/nota\/wp-content\/uploads\/2013\/02\/24FEB-RUEDA-PRENSA-DIP-ALF-86.jpg\"><img loading=\"lazy\" decoding=\"async\" class=\"alignleft size-full wp-image-1434\" title=\"24FEB RUEDA PRENSA DIP-ALF (86)\" src=\"https:\/\/radiowebmx.com\/nota\/wp-content\/uploads\/2013\/02\/24FEB-RUEDA-PRENSA-DIP-ALF-86.jpg\" alt=\"\" width=\"591\" height=\"313\" \/><\/a>El diputado Alfonso Mart\u00ednez Alc\u00e1zar, coordinador de la bancada del PAN en el Congreso del Estado, asumi\u00f3 este domingo la Presidencia de la Junta de Coordinaci\u00f3n Pol\u00edtica de la Septuag\u00e9sima Segunda Legislatura. La Junta, representa la integraci\u00f3n pol\u00edtica del Congreso y por tanto, es el \u00f3rgano que impulsa el entendimiento pol\u00edtico entre los diputados, as\u00ed como con las instancias y \u00f3rganos que resulte necesario, a fin de alcanzar acuerdos para que el pleno, est\u00e9 en condiciones de adoptar las decisiones que le correspondan.<\/p>\n<p>Ante los representantes de los medios de comunicaci\u00f3n, Mart\u00ednez Alc\u00e1zar, destac\u00f3 que entre los temas inmediatos que ser\u00e1n atendidos se encuentra el nombramiento de alcalde en el municipio de Nahuatzen, la designaci\u00f3n del nuevo integrante del Instituto para la Transparencia y Acceso a la Informaci\u00f3n P\u00fablica del Estado de Michoac\u00e1n, ITAIMICH, \u00a0y en su momento al Presidente del organismo aut\u00f3nomo as\u00ed como a los nuevos integrantes del Instituto Electoral de Michoac\u00e1n.<\/p>\n<p>A pregunta expresa record\u00f3 que por ley corresponde al PRI presentar la propuesta del nuevo edil de Nahuatzen y respecto al IEM se\u00f1al\u00f3 que respaldar\u00e1 \u00edntegramente la propuesta de la Comisi\u00f3n que llev\u00f3 el asunto dejando en claro que procurar\u00e1n en todo momento que sea un \u00f3rgano ciudadanizado y que responda a la sociedad y no a los partidos pol\u00edticos.<\/p>\n<p>En la conferencia de prensa, tambi\u00e9n estuvo presente la diputada Laura Gonz\u00e1lez Mart\u00ednez.<\/p>\n","protected":false},"excerpt":{"rendered":"<p>El diputado Alfonso Mart\u00ednez Alc\u00e1zar, coordinador de la bancada del PAN en el Congreso del Estado, asumi\u00f3 este domingo la Presidencia de la Junta de Coordinaci\u00f3n Pol\u00edtica de la Septuag\u00e9sima Segunda Legislatura. La Junta, representa la integraci\u00f3n pol\u00edtica del Congreso y por tanto, es el \u00f3rgano que impulsa el entendimiento pol\u00edtico entre los diputados, as\u00ed como con las instancias y \u00f3rganos que resulte necesario, a fin de alcanzar acuerdos para que el pleno, est\u00e9 en condiciones de adoptar las decisiones que le correspondan.<\/p>\n","protected":false},"author":1,"featured_media":0,"comment_status":"open","ping_status":"open","sticky":false,"template":"","format":"standard","meta":{"footnotes":""},"categories":[6,14],"tags":[],"class_list":["post-1433","post","type-post","status-publish","format-standard","hentry","category-congreso-del-estado","category-destacadas"],"_links":{"self":[{"href":"https:\/\/radiowebmx.com\/nota\/wp-json\/wp\/v2\/posts\/1433","targetHints":{"allow":["GET"]}}],"collection":[{"href":"https:\/\/radiowebmx.com\/nota\/wp-json\/wp\/v2\/posts"}],"about":[{"href":"https:\/\/radiowebmx.com\/nota\/wp-json\/wp\/v2\/types\/post"}],"author":[{"embeddable":true,"href":"https:\/\/radiowebmx.com\/nota\/wp-json\/wp\/v2\/users\/1"}],"replies":[{"embeddable":true,"href":"https:\/\/radiowebmx.com\/nota\/wp-json\/wp\/v2\/comments?post=1433"}],"version-history":[{"count":2,"href":"https:\/\/radiowebmx.com\/nota\/wp-json\/wp\/v2\/posts\/1433\/revisions"}],"predecessor-version":[{"id":1436,"href":"https:\/\/radiowebmx.com\/nota\/wp-json\/wp\/v2\/posts\/1433\/revisions\/1436"}],"wp:attachment":[{"href":"https:\/\/radiowebmx.com\/nota\/wp-json\/wp\/v2\/media?parent=1433"}],"wp:term":[{"taxonomy":"category","embeddable":true,"href":"https:\/\/radiowebmx.com\/nota\/wp-json\/wp\/v2\/categories?post=1433"},{"taxonomy":"post_tag","embeddable":true,"href":"https:\/\/radiowebmx.com\/nota\/wp-json\/wp\/v2\/tags?post=1433"}],"curies":[{"name":"wp","href":"https:\/\/api.w.org\/{rel}","templated":true}]}}