{"id":14328,"date":"2015-04-01T13:04:02","date_gmt":"2015-04-01T19:04:02","guid":{"rendered":"https:\/\/radiowebmx.com\/nota\/?p=14328"},"modified":"2015-04-01T13:04:02","modified_gmt":"2015-04-01T19:04:02","slug":"por-un-morelia-sin-escuelas-de-palitos-hernandez-lopez","status":"publish","type":"post","link":"https:\/\/radiowebmx.com\/nota\/por-un-morelia-sin-escuelas-de-palitos-hernandez-lopez\/","title":{"rendered":"Por un Morelia sin escuelas  de palitos: Hern\u00e1ndez L\u00f3pez"},"content":{"rendered":"<p>El secretario de Desarrollo Social del Ayuntamiento de Morelia, Carlos Hern\u00e1ndez L\u00f3pez, asegur\u00f3 que en la actual administraci\u00f3n se le ha apostado fuertemente a la educaci\u00f3n.<\/p>\n<p>&nbsp;<\/p>\n<p>Sobre todo, dijo que se ha gestionado financiamiento ante el Gobierno del Estado y la Federaci\u00f3n para mejorar la infraestructura educativa, principalmente\u00a0 para erradicar las llamadas \u201cescuelas de palitos\u201d.<\/p>\n<p>&nbsp;<\/p>\n<p>Aprovechando programas como Empleo Temporal, se ha logrado mejorar y construir aulas educativas en distintas escuelas de la ciudad, tal es el caso de la primaria \u201cJos\u00e9 Mar\u00eda Pino Su\u00e1rez\u201d, donde gracias a esta Suma de Voluntades, se entregaron tres aulas de concreto.<\/p>\n<p>&nbsp;<\/p>\n<p>El titular de la pol\u00edtica social del gobierno municipal inform\u00f3 que, en coordinaci\u00f3n con el Programa Escuelas de Calidad, se han podido otorgar becas para ni\u00f1os con el mejor aprovechamiento escolar y que vivan en condiciones precarias. Asimismo, a los hijos de madres jefas de familia tambi\u00e9n se les brinda un apoyo econ\u00f3mico para que contin\u00faen sus estudios.<\/p>\n<p>&nbsp;<\/p>\n<p>\u201cEn est\u00edmulos a la educaci\u00f3n hemos entregado becas, uniformes, zapatos y \u00fatiles escolares,\u00a0 ah\u00ed es donde le hemos estado apostando\u201d, asegur\u00f3 Hern\u00e1ndez L\u00f3pez.<\/p>\n<p>&nbsp;<\/p>\n<p>Del presupuesto total para este a\u00f1o, adelant\u00f3 que se propuso un recurso superior a los 15 millones de pesos s\u00f3lo para el tema educativo, donde se incluye el mejoramiento a la infraestructura, becas, est\u00edmulos y material para estudiantes y escuelas.<\/p>\n<p>&nbsp;<\/p>\n<p>Adicional a ello, inform\u00f3 que se ha buscado aterrizar programas con los que, adem\u00e1s de la ense\u00f1anza, se ofrezca en las escuelas atenci\u00f3n m\u00e9dica y psicol\u00f3gica.<\/p>\n","protected":false},"excerpt":{"rendered":"<p>El secretario de Desarrollo Social del Ayuntamiento de Morelia, Carlos Hern\u00e1ndez L\u00f3pez, asegur\u00f3 que en la actual administraci\u00f3n se le ha apostado fuertemente a la educaci\u00f3n.<\/p>\n","protected":false},"author":1,"featured_media":14329,"comment_status":"open","ping_status":"open","sticky":false,"template":"","format":"standard","meta":{"footnotes":""},"categories":[14,9],"tags":[],"class_list":["post-14328","post","type-post","status-publish","format-standard","has-post-thumbnail","hentry","category-destacadas","category-morelia"],"_links":{"self":[{"href":"https:\/\/radiowebmx.com\/nota\/wp-json\/wp\/v2\/posts\/14328","targetHints":{"allow":["GET"]}}],"collection":[{"href":"https:\/\/radiowebmx.com\/nota\/wp-json\/wp\/v2\/posts"}],"about":[{"href":"https:\/\/radiowebmx.com\/nota\/wp-json\/wp\/v2\/types\/post"}],"author":[{"embeddable":true,"href":"https:\/\/radiowebmx.com\/nota\/wp-json\/wp\/v2\/users\/1"}],"replies":[{"embeddable":true,"href":"https:\/\/radiowebmx.com\/nota\/wp-json\/wp\/v2\/comments?post=14328"}],"version-history":[{"count":2,"href":"https:\/\/radiowebmx.com\/nota\/wp-json\/wp\/v2\/posts\/14328\/revisions"}],"predecessor-version":[{"id":14331,"href":"https:\/\/radiowebmx.com\/nota\/wp-json\/wp\/v2\/posts\/14328\/revisions\/14331"}],"wp:featuredmedia":[{"embeddable":true,"href":"https:\/\/radiowebmx.com\/nota\/wp-json\/wp\/v2\/media\/14329"}],"wp:attachment":[{"href":"https:\/\/radiowebmx.com\/nota\/wp-json\/wp\/v2\/media?parent=14328"}],"wp:term":[{"taxonomy":"category","embeddable":true,"href":"https:\/\/radiowebmx.com\/nota\/wp-json\/wp\/v2\/categories?post=14328"},{"taxonomy":"post_tag","embeddable":true,"href":"https:\/\/radiowebmx.com\/nota\/wp-json\/wp\/v2\/tags?post=14328"}],"curies":[{"name":"wp","href":"https:\/\/api.w.org\/{rel}","templated":true}]}}