{"id":14296,"date":"2015-04-01T11:53:46","date_gmt":"2015-04-01T17:53:46","guid":{"rendered":"https:\/\/radiowebmx.com\/nota\/?p=14296"},"modified":"2015-04-01T11:53:46","modified_gmt":"2015-04-01T17:53:46","slug":"convoca-ijum-a-descubrir-a-jovenes-talentos-morelianos","status":"publish","type":"post","link":"https:\/\/radiowebmx.com\/nota\/convoca-ijum-a-descubrir-a-jovenes-talentos-morelianos\/","title":{"rendered":"Convoca IJUM a descubrir a j\u00f3venes talentos morelianos"},"content":{"rendered":"<p>Con la finalidad de reconocer el esfuerzo y talento de j\u00f3venes morelianos que han destacado en el \u00e1mbito \u00a0art\u00edstico-cultural, acad\u00e9mico, deportivo, profesional, social, innovaci\u00f3n tecnol\u00f3gica, medio ambiente, as\u00ed como discapacidad e integraci\u00f3n, se har\u00e1 entrega de la Condecoraci\u00f3n al M\u00e9rito Juvenil 2015.<\/p>\n<p>&nbsp;<\/p>\n<p>EL Ayuntamiento de Morelia, a trav\u00e9s del Instituto de la Juventud Moreliana, inform\u00f3 que por \u00f3rdenes del presidente municipal, Salvador Abud Mirabent, se estar\u00e1 recibiendo la documentaci\u00f3n de los j\u00f3venes que quieren participar durante toda la Semana Santa.<\/p>\n<p>&nbsp;<\/p>\n<p>La ceremonia de premiaci\u00f3n se efectuar\u00e1 en sesi\u00f3n solemne durante la \u00faltima semana de abril con el objetivo de reconocer a los j\u00f3venes que cuenten con una iniciativa y trayectoria meritoria, y ellos podr\u00e1n ser candidatos a recibir un reconocimiento econ\u00f3mico que consta de 15 mil pesos.<\/p>\n<p>&nbsp;<\/p>\n<p>Las universidades, instituciones acad\u00e9micas, asociaciones civiles as\u00ed como organismos p\u00fablicos y privados, deber\u00e1n entregar los proyectos de j\u00f3venes destacados en distintos \u00e1mbitos y que estimen merecimiento para recibir la condecoraci\u00f3n otorgada por las autoridades municipales de esta ciudad, pues uno de los requisitos es ser postulado por alguna de estas instituciones.<\/p>\n<p>&nbsp;<\/p>\n<p>Asimismo, los integrantes del Consejo General, integrado por los especialistas en cada uno de los \u00e1mbitos a reconocer el m\u00e9rito de los j\u00f3venes participantes, con edades de 16 a 29 a\u00f1os de edad, entrevistar\u00e1n a cada uno de los candidatos para realizar un an\u00e1lisis de los trabajos y curr\u00edcula que respalda la trayectoria de cada joven en los 8 \u00e1mbitos mencionados.<\/p>\n<p><i>\u00a0<\/i><\/p>\n<p><i>Los requisitos que deben cumplir los participantes<\/i>\u00a0son: haber residido en la ciudad de Morelia, por lo menos un a\u00f1o previo a la fecha de premiaci\u00f3n, entregar curr\u00edculum o trabajos en un tanto impreso y siete tantos en formato digital, presentar una copia y original del acta de nacimiento, comprobante de domicilio, identificaci\u00f3n oficial, carta propuesta y carta aceptaci\u00f3n.<\/p>\n<p>&nbsp;<\/p>\n<p>Cabe se\u00f1alar que el per\u00edodo de registro de candidatos, de acuerdo con la informaci\u00f3n emitida por C.I.J.U.M. tendr\u00e1 como fecha l\u00edmite el 6 de abril. Las trayectorias de los candidatos podr\u00e1n remitirse a las instalaciones del Instituto de la Juventud Moreliana, (IJUM) ubicado en Av. Periodismo S\/N Antigua estaci\u00f3n del tren Col. Nueva Valladolid con los tel\u00e9fonos 3-12-27-35 y 3-17-88-81 en un horario de 8:30 a.m. hasta las 8:30 p.m.<\/p>\n","protected":false},"excerpt":{"rendered":"<p>Con la finalidad de reconocer el esfuerzo y talento de j\u00f3venes morelianos que han destacado en el \u00e1mbito  art\u00edstico-cultural, acad\u00e9mico, deportivo, profesional, social, innovaci\u00f3n tecnol\u00f3gica, medio ambiente, as\u00ed como discapacidad e integraci\u00f3n, se har\u00e1 entrega de la Condecoraci\u00f3n al M\u00e9rito Juvenil 2015.<\/p>\n","protected":false},"author":1,"featured_media":14297,"comment_status":"open","ping_status":"open","sticky":false,"template":"","format":"standard","meta":{"footnotes":""},"categories":[14,9],"tags":[],"class_list":["post-14296","post","type-post","status-publish","format-standard","has-post-thumbnail","hentry","category-destacadas","category-morelia"],"_links":{"self":[{"href":"https:\/\/radiowebmx.com\/nota\/wp-json\/wp\/v2\/posts\/14296","targetHints":{"allow":["GET"]}}],"collection":[{"href":"https:\/\/radiowebmx.com\/nota\/wp-json\/wp\/v2\/posts"}],"about":[{"href":"https:\/\/radiowebmx.com\/nota\/wp-json\/wp\/v2\/types\/post"}],"author":[{"embeddable":true,"href":"https:\/\/radiowebmx.com\/nota\/wp-json\/wp\/v2\/users\/1"}],"replies":[{"embeddable":true,"href":"https:\/\/radiowebmx.com\/nota\/wp-json\/wp\/v2\/comments?post=14296"}],"version-history":[{"count":1,"href":"https:\/\/radiowebmx.com\/nota\/wp-json\/wp\/v2\/posts\/14296\/revisions"}],"predecessor-version":[{"id":14298,"href":"https:\/\/radiowebmx.com\/nota\/wp-json\/wp\/v2\/posts\/14296\/revisions\/14298"}],"wp:featuredmedia":[{"embeddable":true,"href":"https:\/\/radiowebmx.com\/nota\/wp-json\/wp\/v2\/media\/14297"}],"wp:attachment":[{"href":"https:\/\/radiowebmx.com\/nota\/wp-json\/wp\/v2\/media?parent=14296"}],"wp:term":[{"taxonomy":"category","embeddable":true,"href":"https:\/\/radiowebmx.com\/nota\/wp-json\/wp\/v2\/categories?post=14296"},{"taxonomy":"post_tag","embeddable":true,"href":"https:\/\/radiowebmx.com\/nota\/wp-json\/wp\/v2\/tags?post=14296"}],"curies":[{"name":"wp","href":"https:\/\/api.w.org\/{rel}","templated":true}]}}