{"id":14286,"date":"2015-04-01T11:42:12","date_gmt":"2015-04-01T17:42:12","guid":{"rendered":"https:\/\/radiowebmx.com\/nota\/?p=14286"},"modified":"2015-04-01T11:42:12","modified_gmt":"2015-04-01T17:42:12","slug":"congreso-del-estado-comprometido-por-la-primer-infancia-ligia-lopez","status":"publish","type":"post","link":"https:\/\/radiowebmx.com\/nota\/congreso-del-estado-comprometido-por-la-primer-infancia-ligia-lopez\/","title":{"rendered":"Congreso del Estado comprometido por la Primer Infancia: Ligia L\u00f3pez"},"content":{"rendered":"<p>A fin de\u00a0analizar los retos, desaf\u00edos de la atenci\u00f3n, as\u00ed como logros obtenidos en el desarrollo de la primera infancia en Michoac\u00e1n; la legisladora del blanquiazul Bertha Ligia L\u00f3pez Aceves, resalt\u00f3 la labor que ha desempe\u00f1ado el Congreso del Estado en dicho tema, y el seguir apostando a la inversi\u00f3n en ni\u00f1os y adolescentes.<\/p>\n<p>Cabe destacar que la legisladora asisti\u00f3 en d\u00edas pasados al Congreso Internacional de la Red Hemisf\u00e9rica de Parlamentarios y Exparlamentarios por la Primera Infancia, llevado a cabo en la\u00a0Asamblea Legislativa de\u00a0Costa Rica, en representaci\u00f3n del Congreso del Estado de Michoac\u00e1n; donde comparti\u00f3 los retos que se vislumbran en este sector de la poblaci\u00f3n, as\u00ed como la importancia de seguir apostado en la prevenci\u00f3n de adicciones que descomponen el tejido social de la familia.<\/p>\n<p>L\u00f3pez Aceves destac\u00f3 que durante el Congreso Internacional, Lorelly Trejos Salas, diputada de la Rep\u00fablica de Costa Rica y Coordinadora de la Red Nacional de Parlamentarios y Exparlamentarios por la Primera Infancia, se\u00f1al\u00f3 la gran labor y retos que como legisladores tienen frente a las necesidades que se presentan en la sociedad actual.<\/p>\n<p>\u201cEn Michoac\u00e1n existen m\u00e1s de 394 mil ni\u00f1as y ni\u00f1os que tienen de 0 a 4 a\u00f1os de edad, y 487 mil 153 que oscilan entre los 5 y 9 a\u00f1os, de acuerdo a cifras otorgadas por el Censo de Poblaci\u00f3n y Vivienda, lo que representa el gran compromiso que tenemos como legisladores de aportar acciones que beneficien a los habitantes del Estado desde su edad inicial, que permitir\u00e1 contemos con integrantes de una sociedad m\u00e1s ordenada y sana, que conduzca a mejores ciudadanos\u201d, se\u00f1al\u00f3.<\/p>\n<p>Indic\u00f3, \u201cconscientes de la situaci\u00f3n por la que atraviesa Michoac\u00e1n, estamos convencidos de que la atenci\u00f3n temprana de la infancia prevendr\u00e1 deficiencias en salud, rezago educativo e inestabilidad social; apostar por la prevenci\u00f3n ser\u00e1 el camino adecuado\u201d.<\/p>\n<p>Durante la conferencia denominada \u201cNeurodesarrollo y factores de riesgo desde la preconcepci\u00f3n que afectan la salud, la conducta y el aprendizaje posterior\u201d, impartida por la Dra. Cristina M\u00e1rquez perteneciente a la Universidad Nacional Aut\u00f3noma de M\u00e9xico (UNAM), la legisladora del blanquiazul revel\u00f3 que la salud es primordial para todo ser humano, invirtiendo desde antes de su concepci\u00f3n y en sus primeros a\u00f1os de vida, que vendr\u00e1n a prevenir grandes complicaciones que pudieran ser agravadas en edad adulta.<\/p>\n<p>La parlamentaria del blanquiazul, manifest\u00f3 que en materia de salud, un aspecto\u00a0 relevante que afecta a los infantes son las condiciones en las que nacen, ya que este es un indicador de la vulnerabilidad con la que lograr\u00e1 desarrollar sus primeros a\u00f1os de vida. Asimismo, L\u00f3pez Aceves dijo que de los nacidos en el 2011 en la entidad michoacana, el 7.9 por ciento pesaron menos de 2 kilos 500 gramos al momento de su nacimiento, \u201cfactor que puede afectar el crecimiento y desarrollo, as\u00ed como las condiciones de salud que generar\u00e1 a lo largo de su vida, por ellos la importancia e inversi\u00f3n de fomentar acciones que beneficien en la salud, educaci\u00f3n, as\u00ed como en la participaci\u00f3n dentro de una sociedad\u201d.<\/p>\n<p>En el tema de educaci\u00f3n, de acuerdo a los resultados de la Encuesta Nacional de Ocupaci\u00f3n y Empleo (ENOE), durante el cuarto trimestre, de los 1.2 millones de infantes reportados en el Estado, el 3.7 por ciento de los ni\u00f1os y ni\u00f1as no asisten a la escuela, \u201ccifra que vulnera la educaci\u00f3n, as\u00ed como la integraci\u00f3n de las familias en nuestro Estado\u201d, reiter\u00f3 L\u00f3pez Aceves.<\/p>\n<p>Finalmente, la diputada panista reiter\u00f3 que el Congreso del Estado se ha comprometido en la labor de impulsar el apoyo para la primera infancia, asimismo, indic\u00f3 que a finales del 2013 en el Congreso Internacional de la\u00a0Red Hemisf\u00e9rica de Parlamentarios y Exparlamentarios por la Primera Infancia, llevado a cabo en la capital michoacana, los legisladores firmaron una declaratoria\u00a0en la que se suscribieron trabajos en la que han asumido acciones indispensables para el cumplimiento cabal de los derechos humanos de los ni\u00f1os y adolescentes en la entidad.<\/p>\n","protected":false},"excerpt":{"rendered":"<p>A fin de analizar los retos, desaf\u00edos de la atenci\u00f3n, as\u00ed como logros obtenidos en el desarrollo de la primera infancia en Michoac\u00e1n; la legisladora del blanquiazul Bertha Ligia L\u00f3pez Aceves, resalt\u00f3 la labor que ha desempe\u00f1ado el Congreso del Estado en dicho tema, y el seguir apostando a la inversi\u00f3n en ni\u00f1os y adolescentes.<\/p>\n","protected":false},"author":1,"featured_media":14287,"comment_status":"open","ping_status":"open","sticky":false,"template":"","format":"standard","meta":{"footnotes":""},"categories":[6,14,8],"tags":[],"class_list":["post-14286","post","type-post","status-publish","format-standard","has-post-thumbnail","hentry","category-congreso-del-estado","category-destacadas","category-grupo-parlamentario-del-pan"],"_links":{"self":[{"href":"https:\/\/radiowebmx.com\/nota\/wp-json\/wp\/v2\/posts\/14286","targetHints":{"allow":["GET"]}}],"collection":[{"href":"https:\/\/radiowebmx.com\/nota\/wp-json\/wp\/v2\/posts"}],"about":[{"href":"https:\/\/radiowebmx.com\/nota\/wp-json\/wp\/v2\/types\/post"}],"author":[{"embeddable":true,"href":"https:\/\/radiowebmx.com\/nota\/wp-json\/wp\/v2\/users\/1"}],"replies":[{"embeddable":true,"href":"https:\/\/radiowebmx.com\/nota\/wp-json\/wp\/v2\/comments?post=14286"}],"version-history":[{"count":2,"href":"https:\/\/radiowebmx.com\/nota\/wp-json\/wp\/v2\/posts\/14286\/revisions"}],"predecessor-version":[{"id":14289,"href":"https:\/\/radiowebmx.com\/nota\/wp-json\/wp\/v2\/posts\/14286\/revisions\/14289"}],"wp:featuredmedia":[{"embeddable":true,"href":"https:\/\/radiowebmx.com\/nota\/wp-json\/wp\/v2\/media\/14287"}],"wp:attachment":[{"href":"https:\/\/radiowebmx.com\/nota\/wp-json\/wp\/v2\/media?parent=14286"}],"wp:term":[{"taxonomy":"category","embeddable":true,"href":"https:\/\/radiowebmx.com\/nota\/wp-json\/wp\/v2\/categories?post=14286"},{"taxonomy":"post_tag","embeddable":true,"href":"https:\/\/radiowebmx.com\/nota\/wp-json\/wp\/v2\/tags?post=14286"}],"curies":[{"name":"wp","href":"https:\/\/api.w.org\/{rel}","templated":true}]}}