{"id":14281,"date":"2015-03-31T11:51:37","date_gmt":"2015-03-31T17:51:37","guid":{"rendered":"https:\/\/radiowebmx.com\/nota\/?p=14281"},"modified":"2015-03-31T11:51:37","modified_gmt":"2015-03-31T17:51:37","slug":"tradicion-y-tecnologia-se-unen-en-la-exposicion-cuentame-tu-historia","status":"publish","type":"post","link":"https:\/\/radiowebmx.com\/nota\/tradicion-y-tecnologia-se-unen-en-la-exposicion-cuentame-tu-historia\/","title":{"rendered":"TRADICI\u00d3N Y TECNOLOG\u00cdA SE UNEN EN LA EXPOSICI\u00d3N \u201cCU\u00c9NTAME TU HISTORIA\u201d"},"content":{"rendered":"<p>En un esfuerzo por unir nuestras tradiciones y lo mejor de la tecnolog\u00eda, el gobernador Salvador Jara Guerrero inaugur\u00f3 la Exposici\u00f3n \u201cCu\u00e9ntame tu historia\u201d, que fue posible gracias a la coordinaci\u00f3n de la Universidad Michoacana de San Nicol\u00e1s de Hidalgo (UMSNH), la Universidad Virtual de Michoac\u00e1n (Univim) y la Universidad de Stanford.<\/p>\n<p>\u201cCu\u00e9ntame tu historia\u201d es un proyecto que narra cuentos escritos por ni\u00f1os originarios de Paracho en espa\u00f1ol, ingl\u00e9s y pur\u00e9pecha, mismos que cobran vida por medio del trabajo de tres ilustradores michoacanos: Pedro D\u00e1valos Cotonieto, Jos\u00e9 \u00c1ngel Pahuamba Vel\u00e1zquez y Mizraim C\u00e1rdenas, as\u00ed como al trabajo de los programadores de la Univim, quienes hicieron algunos pasajes en realidad aumentada; es decir, en tercera dimensi\u00f3n.<\/p>\n<p>Jara Guerrero se\u00f1al\u00f3 que este es un proyecto que empez\u00f3 desde que era rector de la Universidad Michoacana, y tiene como objetivo utilizar la tecnolog\u00eda para mejorar la educaci\u00f3n, especialmente en aquellas zonas con mayor rezago.<\/p>\n<p>\u201cCon ayuda del ahora secretario de Pueblos Ind\u00edgenas, Juan Zacar\u00edas Paz, empezamos el proyecto en algunas escuelas pur\u00e9pecha, le pedimos a los ni\u00f1os que nos contaran su historia en su lengua materna, \u00e9sta se transcribi\u00f3 y se hizo un concurso en el que quedaron seleccionadas tres; despu\u00e9s le pedimos a ilustradores michoacanos que dieran vida a estas historias que fueron traducidas \u00a0al espa\u00f1ol y al ingl\u00e9s\u201d, abund\u00f3 el mandatario estatal.<\/p>\n<p>De igual manera detall\u00f3 que cuando concluya la exposici\u00f3n en esta ciudad y algunas escuelas de Paracho, se llevar\u00e1 a San Francisco, en Estados Unidos, donde los cuentos ilustrados se integrar\u00e1n a un libro que se vender\u00e1 en l\u00ednea, tanto en formato f\u00edsico como digital, a trav\u00e9s de la tienda Amazon, y cuyas ganancias ser\u00e1n para las mismas escuelas pur\u00e9pecha.<\/p>\n<p>Por su parte, el rector Mario Ch\u00e1vez Campos inform\u00f3 que programadores de la Univim realizaron el moldeado en realidad aumentada de las ilustraciones de los cuentos, lo que permite interactuar y ver los dibujos en tercera dimensi\u00f3n con tan s\u00f3lo descargar en un celular o tableta la aplicaci\u00f3n que est\u00e1 disponible en la p\u00e1gina de la universidad.<\/p>\n<p>Tambi\u00e9n, dijo que cuentan con dos unidades m\u00f3viles donde la poblaci\u00f3n podr\u00e1 ver y escuchar estos cuentos en los tres idiomas, mismas que al concluir su exposici\u00f3n en la sala Gilberto Ram\u00edrez de la Casa de la Cultura en dos semanas, ser\u00e1n llevadas a otros puntos de Morelia.<\/p>\n<p>Rosa Garc\u00eda Garc\u00eda, secretaria T\u00e9cnica del gobernador, recalc\u00f3 que esta fue una iniciativa del gobernador desde que fue rector de la Universidad Michoacana y que cuenta tambi\u00e9n con la colaboraci\u00f3n del profesor de la Universidad de Stanford, Paul Kim, quien ayudar\u00e1 a llevar las historias escritas por estos ni\u00f1os michoacanos alrededor del mundo.<\/p>\n<p>Finalmente el secretario de Cultura, Marco Antonio Aguilar Cort\u00e9s, reconoci\u00f3 la coordinaci\u00f3n entre las distintas instituciones para apoyar este proceso de car\u00e1cter educativo y elevar los niveles de formaci\u00f3n e informaci\u00f3n en la entidad.<\/p>\n<p>En la inauguraci\u00f3n tambi\u00e9n estuvieron presentes el secretario de Educaci\u00f3n, Armando Sep\u00falveda L\u00f3pez; el secretario de Pueblos Ind\u00edgenas, Juan Zacar\u00edas Paz; ni\u00f1os del Internado Ind\u00edgena de Paracho; funcionarios estatales y municipales, entre otros.<\/p>\n","protected":false},"excerpt":{"rendered":"<p>En un esfuerzo por unir nuestras tradiciones y lo mejor de la tecnolog\u00eda, el gobernador SJG inaugur\u00f3 la Exposici\u00f3n \u201cCu\u00e9ntame tu historia\u201d, que fue posible gracias a la coordinaci\u00f3n de la UMSNH, la Univim y la Universidad de Stanford.<\/p>\n","protected":false},"author":1,"featured_media":14282,"comment_status":"open","ping_status":"open","sticky":false,"template":"","format":"standard","meta":{"footnotes":""},"categories":[14,3],"tags":[],"class_list":["post-14281","post","type-post","status-publish","format-standard","has-post-thumbnail","hentry","category-destacadas","category-gobierno-del-estado-de-michoacan"],"_links":{"self":[{"href":"https:\/\/radiowebmx.com\/nota\/wp-json\/wp\/v2\/posts\/14281","targetHints":{"allow":["GET"]}}],"collection":[{"href":"https:\/\/radiowebmx.com\/nota\/wp-json\/wp\/v2\/posts"}],"about":[{"href":"https:\/\/radiowebmx.com\/nota\/wp-json\/wp\/v2\/types\/post"}],"author":[{"embeddable":true,"href":"https:\/\/radiowebmx.com\/nota\/wp-json\/wp\/v2\/users\/1"}],"replies":[{"embeddable":true,"href":"https:\/\/radiowebmx.com\/nota\/wp-json\/wp\/v2\/comments?post=14281"}],"version-history":[{"count":2,"href":"https:\/\/radiowebmx.com\/nota\/wp-json\/wp\/v2\/posts\/14281\/revisions"}],"predecessor-version":[{"id":14284,"href":"https:\/\/radiowebmx.com\/nota\/wp-json\/wp\/v2\/posts\/14281\/revisions\/14284"}],"wp:featuredmedia":[{"embeddable":true,"href":"https:\/\/radiowebmx.com\/nota\/wp-json\/wp\/v2\/media\/14282"}],"wp:attachment":[{"href":"https:\/\/radiowebmx.com\/nota\/wp-json\/wp\/v2\/media?parent=14281"}],"wp:term":[{"taxonomy":"category","embeddable":true,"href":"https:\/\/radiowebmx.com\/nota\/wp-json\/wp\/v2\/categories?post=14281"},{"taxonomy":"post_tag","embeddable":true,"href":"https:\/\/radiowebmx.com\/nota\/wp-json\/wp\/v2\/tags?post=14281"}],"curies":[{"name":"wp","href":"https:\/\/api.w.org\/{rel}","templated":true}]}}