{"id":14265,"date":"2015-03-31T11:31:38","date_gmt":"2015-03-31T17:31:38","guid":{"rendered":"https:\/\/radiowebmx.com\/nota\/?p=14265"},"modified":"2015-03-31T11:31:38","modified_gmt":"2015-03-31T17:31:38","slug":"respeto-y-apoyo-a-las-jefas-de-familia-abud","status":"publish","type":"post","link":"https:\/\/radiowebmx.com\/nota\/respeto-y-apoyo-a-las-jefas-de-familia-abud\/","title":{"rendered":"Respeto y apoyo a las  jefas de familia: Abud"},"content":{"rendered":"<p>Reconocimiento, respeto y admiraci\u00f3n expres\u00f3 el presidente municipal de Morelia, Salvador Abud Mirabent, a todas las mujeres morelianas y a quienes son madres jefas de familia, por su esfuerzo para mantener a sus hijos en el camino de la educaci\u00f3n y hacerlos hombres y mujeres de bien.<\/p>\n<p>&nbsp;<\/p>\n<p>Por ello, como un est\u00edmulo a los menores, para que contin\u00faen con buenos promedios escolares, \u00a0el gobierno municipal liderado por Abud Mirabent, entreg\u00f3 a trav\u00e9s de la Secretar\u00eda de Desarrollo Social, 300 mil pesos en apoyos de mil pesos a 300 menores que tienen a su madre como jefa de familia.<\/p>\n<p>&nbsp;<\/p>\n<p>Tras refrendar el compromiso de hacer equipo con las mujeres que todos los d\u00edas se levantan de madrugada por cuidar, alimentar y proteger a sus hijos, el alcalde de la comuna dijo que har\u00e1 \u00e9nfasis, en lo que le resta de la actual administraci\u00f3n, para favorecer una pol\u00edtica p\u00fablica de solidaridad a favor de los menores con escasos recursos econ\u00f3micos, que requieren de este tipo de apoyos para continuar con sus estudios.<\/p>\n<p>&nbsp;<\/p>\n<p>Inform\u00f3 que el dinero entregado es de todos los morelianos, quienes puntualmente realizan el pago de los impuestos locales \u201cen el Cabildo s\u00f3lo le damos un matiz para destinado a acciones sociales\u201d<\/p>\n<p>&nbsp;<\/p>\n<p>El secretario de Desarrollo Social, Carlos Hern\u00e1ndez L\u00f3pez, inform\u00f3 que mediante el Programa de Apoyos a Hijos de Mujeres Jefas de Familia se destinaron 300 mil pesos, para apoyar al mismo n\u00famero de f\u00e9minas, que tienen a sus hijos en escuelas y que no cuentan con recursos econ\u00f3micos suficientes para solventar los gastos que representa la educaci\u00f3n.<\/p>\n<p>&nbsp;<\/p>\n<p>Agradecimiento y felicidad expresaron los beneficiados Judith Orozco, madre jefa de familia y el estudiante Jonathan Correa, quienes aseguraron que el apoyo econ\u00f3mico tendr\u00e1 el beneficio marcado que es cubrir gastos referentes a la educaci\u00f3n.<\/p>\n","protected":false},"excerpt":{"rendered":"<p>Reconocimiento, respeto y admiraci\u00f3n expres\u00f3 el presidente municipal de Morelia, Salvador Abud Mirabent, a todas las mujeres morelianas y a quienes son madres jefas de familia, por su esfuerzo para mantener a sus hijos en el camino de la educaci\u00f3n y hacerlos hombres y mujeres de bien.<\/p>\n","protected":false},"author":1,"featured_media":14266,"comment_status":"open","ping_status":"open","sticky":false,"template":"","format":"standard","meta":{"footnotes":""},"categories":[14,9],"tags":[],"class_list":["post-14265","post","type-post","status-publish","format-standard","has-post-thumbnail","hentry","category-destacadas","category-morelia"],"_links":{"self":[{"href":"https:\/\/radiowebmx.com\/nota\/wp-json\/wp\/v2\/posts\/14265","targetHints":{"allow":["GET"]}}],"collection":[{"href":"https:\/\/radiowebmx.com\/nota\/wp-json\/wp\/v2\/posts"}],"about":[{"href":"https:\/\/radiowebmx.com\/nota\/wp-json\/wp\/v2\/types\/post"}],"author":[{"embeddable":true,"href":"https:\/\/radiowebmx.com\/nota\/wp-json\/wp\/v2\/users\/1"}],"replies":[{"embeddable":true,"href":"https:\/\/radiowebmx.com\/nota\/wp-json\/wp\/v2\/comments?post=14265"}],"version-history":[{"count":2,"href":"https:\/\/radiowebmx.com\/nota\/wp-json\/wp\/v2\/posts\/14265\/revisions"}],"predecessor-version":[{"id":14268,"href":"https:\/\/radiowebmx.com\/nota\/wp-json\/wp\/v2\/posts\/14265\/revisions\/14268"}],"wp:featuredmedia":[{"embeddable":true,"href":"https:\/\/radiowebmx.com\/nota\/wp-json\/wp\/v2\/media\/14266"}],"wp:attachment":[{"href":"https:\/\/radiowebmx.com\/nota\/wp-json\/wp\/v2\/media?parent=14265"}],"wp:term":[{"taxonomy":"category","embeddable":true,"href":"https:\/\/radiowebmx.com\/nota\/wp-json\/wp\/v2\/categories?post=14265"},{"taxonomy":"post_tag","embeddable":true,"href":"https:\/\/radiowebmx.com\/nota\/wp-json\/wp\/v2\/tags?post=14265"}],"curies":[{"name":"wp","href":"https:\/\/api.w.org\/{rel}","templated":true}]}}