{"id":14262,"date":"2015-03-31T11:29:43","date_gmt":"2015-03-31T17:29:43","guid":{"rendered":"https:\/\/radiowebmx.com\/nota\/?p=14262"},"modified":"2015-03-31T11:29:43","modified_gmt":"2015-03-31T17:29:43","slug":"aprueba-cabildo-moreliano-cuenta-publica-y-pai-2014","status":"publish","type":"post","link":"https:\/\/radiowebmx.com\/nota\/aprueba-cabildo-moreliano-cuenta-publica-y-pai-2014\/","title":{"rendered":"Aprueba cabildo moreliano  Cuenta P\u00fablica y PAI 2014"},"content":{"rendered":"<p>Encabezado por el presidente municipal de Morelia, Salvador Abud Mirabent, el Cabildo de Morelia registr\u00f3 una intensa agenda de trabajo con la realizaci\u00f3n de la sesi\u00f3n ordinaria y dos sesiones extraordinarias este lunes.<\/p>\n<p>&nbsp;<\/p>\n<p>En una de las asambleas extraordinaria, por unanimidad, el Cabildo de Morelia, aprob\u00f3 la Cuenta de la Hacienda P\u00fablica Municipal correspondiente al ejercicio fiscal de 2014, que entre sus puntos resolutivos se encuentra la aceptaci\u00f3n de la reducci\u00f3n liquida a los presupuestos de ingresos y egresos correspondiente al a\u00f1o anterior, por un monto de 70 millones 752 mil 473 pesos, con lo cual el techo financiero al cierre del a\u00f1o en menci\u00f3n se fij\u00f3 en 2 mil 217 millones 258 mil 305 pesos.<\/p>\n<p>&nbsp;<\/p>\n<p>Las comisiones de Hacienda, Financiamiento, Patrimonio, Planeaci\u00f3n, Programaci\u00f3n y Desarrollo consideraron favorable aceptar las transferencias al cierre de la cuenta p\u00fablica anual 2014 y que, en forma neta, importan la cantidad de 9 millones 355 mil 682 pesos.<\/p>\n<p>&nbsp;<\/p>\n<p>En tanto que el m\u00e1ximo \u00f3rgano colegiado dio luz verde para la reprogramaci\u00f3n de 307 millones 23 mil 759 pesos para los cap\u00edtulos de servicios generales, transferencias, asignaciones, subsidios, bienes muebles e inmuebles e inversi\u00f3n p\u00fablica.<\/p>\n<p>&nbsp;<\/p>\n<p>Para la segunda sesi\u00f3n extraordinaria, quienes integran el Cabildo de Morelia, aprobaron por mayor\u00eda el cierre del Programa Anual de Inversi\u00f3n del ejercicio fiscal del 2014, el cual contempl\u00f3 incorporar una reducci\u00f3n l\u00edquida de 24 millones 472 mil 85 pesos, derivado de movimientos de ampliaci\u00f3n, reducciones y compensaciones, con lo cual el techo presupuestario al cierre del ejercicio del a\u00f1o anterior quedo en 756 millones 648 mil 277 pesos, que dan cobertura presupuestal a 638 obras y acciones.<\/p>\n<p>&nbsp;<\/p>\n<p>De este presupuesto se\u00f1alado, se report\u00f3 al cierre del 2014, un ejercicio de 481 millones 17 mil 779 pesos, lo que origina un refrendo de 275 millones 630 mil 497 pesos, que dar\u00e1 suficiencia presupuestal a 208 obras y acciones mismas que ser\u00e1n incluidas en el Programa Anual de Inversi\u00f3n 2015, el cual ser\u00e1 presentado ante el Cabildo pr\u00f3ximamente para su aprobaci\u00f3n.<\/p>\n<p>&nbsp;<\/p>\n<p>Para la sesi\u00f3n ordinaria,\u00a0 el m\u00e1ximo \u00f3rgano colegiado aprob\u00f3 por mayor\u00eda, dirigir a revisi\u00f3n y an\u00e1lisis de todas las comisiones del pleno el punto de acuerdo mediante el cual se instruye al secretario de Obras P\u00fablicas, Gustavo Moriel Armend\u00e1riz, para que en el ejercicio de las atribuciones conferidas en el Reglamento de Organizaci\u00f3n de la Administraci\u00f3n P\u00fablica del Municipio de Morelia, promueva, impulse y coordine acciones que involucren a los responsables de las diversas dependencias y entidades de la administraci\u00f3n municipal, as\u00ed como a sus respectivos directores para la planeaci\u00f3n, supervisi\u00f3n, vigilancia y control de los trabajos de obra p\u00fablica que de manera directa o a trav\u00e9s de empresas particulares realiza el Ayuntamiento.<\/p>\n<p>&nbsp;<\/p>\n<p>Lo anterior a efecto de evitar omisiones y anomal\u00edas posteriores en los trabajos realizados, con la finalidad de que la obra p\u00fablica funcione sin ning\u00fan contratiempo o menoscabo.<\/p>\n<p>&nbsp;<\/p>\n<p>Otro punto aprobado la ma\u00f1ana de este lunes, fue la solicitud de ampliaci\u00f3n de licencia temporal de Martha Patricia Medina Garibay como regidora local, con vigencia hasta el pr\u00f3ximo 25 de abril, y una licencia de ausencia m\u00e1s, concedida para el regidor Jorge Molina S\u00e1nchez por un periodo de 20 d\u00edas para atender asuntos personales.<\/p>\n","protected":false},"excerpt":{"rendered":"<p>Encabezado por el presidente municipal de Morelia, Salvador Abud Mirabent, el Cabildo de Morelia registr\u00f3 una intensa agenda de trabajo con la realizaci\u00f3n de la sesi\u00f3n ordinaria y dos sesiones extraordinarias este lunes.<\/p>\n","protected":false},"author":1,"featured_media":14263,"comment_status":"open","ping_status":"open","sticky":false,"template":"","format":"standard","meta":{"footnotes":""},"categories":[14,9],"tags":[],"class_list":["post-14262","post","type-post","status-publish","format-standard","has-post-thumbnail","hentry","category-destacadas","category-morelia"],"_links":{"self":[{"href":"https:\/\/radiowebmx.com\/nota\/wp-json\/wp\/v2\/posts\/14262","targetHints":{"allow":["GET"]}}],"collection":[{"href":"https:\/\/radiowebmx.com\/nota\/wp-json\/wp\/v2\/posts"}],"about":[{"href":"https:\/\/radiowebmx.com\/nota\/wp-json\/wp\/v2\/types\/post"}],"author":[{"embeddable":true,"href":"https:\/\/radiowebmx.com\/nota\/wp-json\/wp\/v2\/users\/1"}],"replies":[{"embeddable":true,"href":"https:\/\/radiowebmx.com\/nota\/wp-json\/wp\/v2\/comments?post=14262"}],"version-history":[{"count":1,"href":"https:\/\/radiowebmx.com\/nota\/wp-json\/wp\/v2\/posts\/14262\/revisions"}],"predecessor-version":[{"id":14264,"href":"https:\/\/radiowebmx.com\/nota\/wp-json\/wp\/v2\/posts\/14262\/revisions\/14264"}],"wp:featuredmedia":[{"embeddable":true,"href":"https:\/\/radiowebmx.com\/nota\/wp-json\/wp\/v2\/media\/14263"}],"wp:attachment":[{"href":"https:\/\/radiowebmx.com\/nota\/wp-json\/wp\/v2\/media?parent=14262"}],"wp:term":[{"taxonomy":"category","embeddable":true,"href":"https:\/\/radiowebmx.com\/nota\/wp-json\/wp\/v2\/categories?post=14262"},{"taxonomy":"post_tag","embeddable":true,"href":"https:\/\/radiowebmx.com\/nota\/wp-json\/wp\/v2\/tags?post=14262"}],"curies":[{"name":"wp","href":"https:\/\/api.w.org\/{rel}","templated":true}]}}