{"id":14254,"date":"2015-03-31T11:18:40","date_gmt":"2015-03-31T17:18:40","guid":{"rendered":"https:\/\/radiowebmx.com\/nota\/?p=14254"},"modified":"2015-03-31T11:18:40","modified_gmt":"2015-03-31T17:18:40","slug":"temas-de-cafe-282","status":"publish","type":"post","link":"https:\/\/radiowebmx.com\/nota\/temas-de-cafe-282\/","title":{"rendered":"TEMAS DE CAF\u00c9"},"content":{"rendered":"<ul>\n<li><a href=\"https:\/\/radiowebmx.com\/nota\/wp-content\/uploads\/2013\/06\/temas-de-cafe.jpg\"><img loading=\"lazy\" decoding=\"async\" class=\"alignleft size-full wp-image-2805\" alt=\"temas de cafe\" src=\"https:\/\/radiowebmx.com\/nota\/wp-content\/uploads\/2013\/06\/temas-de-cafe.jpg\" width=\"295\" height=\"171\" \/><\/a>WILFRIDO Y MONROY CON CHON<\/li>\n<li>SILVANO INICIARA EN ZITACUARO<\/li>\n<li>SALVADOR-LAURA DEJAN AL PAN<\/li>\n<li>MARCO TREJO ESTA BAJO PRESION<\/li>\n<\/ul>\n<p>A unos d\u00edas de que\u00a0 inicien las campa\u00f1as para gobernador, diputados federales, estatales y presidentes municipales, se empiezan a definir los equipos de campa\u00f1a,\u00a0 en el caso de Chon Orihuela ha dado a conocer, que si coordinador ser\u00e1 Wilfrido L\u00e1zaro Medina, ex presidente municipal de Morelia, quien tendr\u00e1 como colaboradores m\u00e1s cercamos, a Roberto Monroy actual Secretario de Turismo quien, con esta campa\u00f1a ser\u00e1 su tercera en la cual participa, en forma activamente la primera que recordamos \u00a0fue con V\u00edctor Manuel Tinoco Rub\u00ed, la segunda con Fausto Vallejo y ahora la tercera ser\u00e1 con Chon Orihuela, cabe se\u00f1alar que Roberto no ha perdido ni una elecci\u00f3n,\u00a0 hasta ahora es un ganador, igual Wilfrido L\u00e1zaro quien como usted sabe, gan\u00f3 dos veces la presidencia municipal de Morelia, o sea que no son\u00a0 personajes sin experiencia en cuestiones electorales. Adem\u00e1s son ganadores y esto es importante.<\/p>\n<p>RODRIGO IVAN MALDONADO EX DE SEPSOL TAMBIEN<\/p>\n<p>Hasta ahora el equipo de Chon Orihuela candidato, al gobierno de Michoac\u00e1n por el PRI usted sabe, se integra de Agust\u00edn Trujillo quien es dirigente estatal del PRI, Mario Armando Mendoza, Jes\u00fas Hern\u00e1ndez Pe\u00f1a, Jaime Dar\u00edo Oseguera actual candidato a la presidencia municipal de Morelia, y desde luego su hijo Eduardo Orihuela Stefan, quien acaba de solicitar licencia al Congreso, para incorporarse de tiempo completo a la campa\u00f1a, y ahora este equipo se fortalece con Wilfrido L\u00e1zaro Medina, Roberto Monroy y Rodrigo Iv\u00e1n Maldonado, los tres tuvieron el sello de Fausto Vallejo.<\/p>\n<p>Por eso creemos que el equipo de campa\u00f1a de Chon Orihuela, intenta enviar un mensaje a los michoacanos priistas, de que tienen de su lado a tres personajes cien por ciento, de Fausto Vallejo por lo cual es factible que cuenten con el respaldo, y apoyo de Fausto a pesar de los pesares y de las amenazas de Agust\u00edn Trujillo, de expulsarlo del PRI por traidor, dentro de este mensaje al priismo michoacano, destaca la presencia de Jaime Esparza Cortina, en la Secretar\u00eda de Gobierno, quien es gente de Tinoco Rub\u00ed y compadre de V\u00edctor Manuel Silva, la idea es buena crea la imagen de unidad entre los diversos grupos del PRI en la entidad.<\/p>\n<p>SILVANO INICIARA SU CAMPA\u00d1A EN ZITACUARO<\/p>\n<p>Ya le comentamos que Chon Orihuela iniciar\u00e1 su campa\u00f1a, en Apatzing\u00e1n ciudad emblem\u00e1tica porque ah\u00ed se promulg\u00f3, la primera Constituci\u00f3n de Michoac\u00e1n, por\u00a0 don Jos\u00e9 Mar\u00eda Morelos, y recordamos que tambi\u00e9n ah\u00ed inici\u00f3 Miguel de la Madrid, su campa\u00f1a para la presidencia de la rep\u00fablica, justo ah\u00ed en la Casa de la Constituci\u00f3n inici\u00f3, sus campa\u00f1a de la Revoluci\u00f3n Moral que obviamente, no sirvi\u00f3 de nada pero ah\u00ed la inici\u00f3, a la sombra de la Constituci\u00f3n de Apatzing\u00e1n y con la protecci\u00f3n de Morelos.<\/p>\n<p>En el caso de Silvano ha dado a conocer, que el inicio de su campa\u00f1a ser\u00e1 en Zit\u00e1cuaro, Ciudad Tres Veces Heroica, de donde Silvano es diputado federal con licencia, pero adem\u00e1s, Silvano fue presidente municipal y antes tambi\u00e9n fue diputado federal, despu\u00e9s Senador de la Rep\u00fablica, o sea que es una ciudad y un distrito que lo ha tratado bien, por lo cual ah\u00ed iniciar\u00e1\u00a0 a las once de la ma\u00f1ana y horas m\u00e1s tarde, tiene proyectado realizar otro acto similar, en la poblaci\u00f3n de Puru\u00e1ndiro, ahora\u00a0 bien\u00a0 es justo resaltar que Zit\u00e1cuaro, tambi\u00e9n es sede de otros grupos pol\u00edticos importantes.<\/p>\n<p>Por ejemplo de ah\u00ed son aunque no nacieron ah\u00ed Ausencio Ch\u00e1vez Hern\u00e1ndez, y su hermano Servando Ch\u00e1vez ellos nacieron, en Huetamo concretamente en San Lucas, \u00a0estos hermanos durante a\u00f1os formaron un bloque pol\u00edtico importante, tambi\u00e9n de ah\u00ed es V\u00edctor Manuel Tinoco Rub\u00ed y los hermanos Garc\u00eda\u00a0 Torres, que fueron vitales en su administraci\u00f3n, desde luego tambi\u00e9n de ah\u00ed es y claro Chon Orihuela, en cuyo grupo donde tambi\u00e9n destacan, Nacho su hermano \u00a0Antonio Ixtl\u00e1huac su sobrino y Juan Carlos, hijo de Nacho y Eduardo hijo de Chon.<\/p>\n<p>EL PAN TAMBIEN SE EMPIEZA\u00a0 DESBORONAR<\/p>\n<p>Normalmente hemos elogiado al PAN, porque es un partido que tradicionalmente, arregla sus asuntos en casa, \u00a0hace caso al dicho de que la ropa sucia se lava en casa, pero aunque tienen serias fracturas internas, no aparecen mucho en los medios, se sabe que Gustavo Madero y Marko Cort\u00e9s, no la llevan bien con Luisa Mar\u00eda Calder\u00f3n, pero aparecen juntos en diversos actos como el de ayer, dando la imagen de unidad pero\u00a0 la verdad es que no es cierto.<\/p>\n<p>Un clara idea de lo que sucede en el interior del PAN, es la posibilidad de que en estos d\u00edas, Salvador L\u00f3pez Ordu\u00f1a y su esposa Laura Su\u00e1rez se deslinden del PAN estatal, y mire que tanto Salvador como su esposa\u00a0 no son panistas cualquiera, \u00e9l ha sido presidente municipal de Morelia en dos ocasiones, diputado federal, igual que su esposa ha sido tambi\u00e9n diputada federal, son panistas de prosapia\u00a0 e integran una gran familia emprendedora y exitosa en los negocios, seguramente le har\u00e1n un gran hueco al PAN y sus campa\u00f1as.<\/p>\n<p>MARCO TREJO DESHOJA LA MARGARITA<\/p>\n<p>Obvio que Marco Trejo Pureco es un buen elemento, con \u00e9l el PRI-Verde\u00a0 ten\u00eda casi asegurada una diputaci\u00f3n federal, sin muchos contratiempos, pero ya sabe\u00a0 usted que el PRI lo desech\u00f3, y en su lugar nominaron a una mujer para completar la cuota de g\u00e9nero, que ahora por ley deben cumplir, todos los partidos pol\u00edticos\u00a0 y ahora le ofrecen muchas cosas, desde la Secretar\u00eda de Turismo del Estado ahora que saldr\u00e1 Roberto Monroy, con la promesa que de\u00a0 ganar se le ratificar\u00eda, pero aparte de esto ha registrado algunas advertencias, \u00a0que m\u00e1s bien suenan casi a amenazas.<\/p>\n<p>\u00bfHAY SOLUCION? SI, REGRESENLE LA CANDIDATURA<\/p>\n<p>No tiene idea de cu\u00e1ntas presiones ha estado recibiendo, Marco Trejo Pureco de parte de varios personajes, a nivel estatal y nacional lo invitan a reflexionar, a repensar su decisi\u00f3n, de dejar al PRI e ir como candidato del PRD a la diputaci\u00f3n federal por Uruapan, ya le hemos comentado que su triunfo parece sencillo, f\u00e1cil porque por el PAN va una mujer llamada Ramona que no tiene amplias posibilidades de triunfo, por el PRD iba un hijo de Octaviano Alan\u00eds, quien ahora ir\u00eda como su \u00a0suplente, y con la promesa de que si gana Silvano ir\u00eda a Turismo y por el Verde una completa desconocida.<\/p>\n<p>Parece que igual ahora seguramente le ofrecer\u00e1n, ir a Turismo en lugar de Roberto Monroy, quien este mi\u00e9rcoles deja\u00a0 la Secretar\u00eda de Turismo para apoyar a Chon en la campa\u00f1a, y el ofrecimiento seguramente ser\u00e1 mantenerlo en Turismo,\u00a0 en caso de ganar Chon las elecciones en junio, pero por ahora a\u00fan bajo las presiones, solamente le vemos una posibilidad que regrese Marco al PRI, que\u00a0 le regresen la candidatura. Parece f\u00e1cil\u00a0 total hay cincuenta candidatos del Verde, a una diputaci\u00f3n federal en el pa\u00eds, \u00bfPorqu\u00e9 a Marco lo vieron como el m\u00e1s endeble, desechable, el m\u00e1s fr\u00e1gil, si es as\u00ed \u00bfpara qu\u00e9 lo quieren ahora?.<\/p>\n<p>PAPA PITUFO: HAY CONDICIONES PARA LAS ELECCIONES<\/p>\n<p>Esto es parte de lo que sucede en Michoac\u00e1n, \u00bfC\u00f3mo vamos a creer que el Pap\u00e1 Pitufo, sea quien asegura que en la Tierra Caliente hay las condiciones suficientes, para que se realice el proceso electoral con tranquilidad\u2019, creemos que Estanislao Beltr\u00e1n se sobredimensiona, o\u00a0 lo hacen las autoridades\u00a0 para considerarlo capaz de garantizar la seguridad en el proceso electoral en toda la Tierra Caliente, la verdad creemos que se trabaja por parte del gobierno federal y estatal, para crear las condiciones apropiadas, tanto para el proceso electoral como para jornada del siete de junio, que hoy a\u00fan no se tienen.<\/p>\n<p>LAS MESAS DE SEGURIDAD Y JUSTICIA AYUDARAN<\/p>\n<p>Estamos seguros que con la instalaci\u00f3n de todas las mesas, de seguridad y justicia donde participa el Ej\u00e9rcito, la Polic\u00eda\u00a0 Federal y los elementos de seguridad del Estado, se crear\u00e1n las condiciones apropiadas para el procesos electoral y las elecciones, ya est\u00e1n estas mesas en Morelia , Uruapan, L\u00e1zaro C\u00e1rdenas y hoy Osorio Chong instalar\u00e1 la de Apatzing\u00e1n, solamente faltar\u00edan tres, en la Piedad y Zamora y tal vez en Huetamo o Zit\u00e1cuaro.<\/p>\n","protected":false},"excerpt":{"rendered":"<p>\u2022\tWILFRIDO Y MONROY CON CHON<br \/>\n\u2022\tSILVANO INICIARA EN ZITACUARO<br \/>\n\u2022\tSALVADOR-LAURA DEJAN AL PAN<br \/>\n\u2022\tMARCO TREJO ESTA BAJO PRESION<\/p>\n","protected":false},"author":1,"featured_media":0,"comment_status":"open","ping_status":"open","sticky":false,"template":"","format":"standard","meta":{"footnotes":""},"categories":[4,14,10],"tags":[],"class_list":["post-14254","post","type-post","status-publish","format-standard","hentry","category-columnistas","category-destacadas","category-juan-manuel-belmonte"],"_links":{"self":[{"href":"https:\/\/radiowebmx.com\/nota\/wp-json\/wp\/v2\/posts\/14254","targetHints":{"allow":["GET"]}}],"collection":[{"href":"https:\/\/radiowebmx.com\/nota\/wp-json\/wp\/v2\/posts"}],"about":[{"href":"https:\/\/radiowebmx.com\/nota\/wp-json\/wp\/v2\/types\/post"}],"author":[{"embeddable":true,"href":"https:\/\/radiowebmx.com\/nota\/wp-json\/wp\/v2\/users\/1"}],"replies":[{"embeddable":true,"href":"https:\/\/radiowebmx.com\/nota\/wp-json\/wp\/v2\/comments?post=14254"}],"version-history":[{"count":1,"href":"https:\/\/radiowebmx.com\/nota\/wp-json\/wp\/v2\/posts\/14254\/revisions"}],"predecessor-version":[{"id":14255,"href":"https:\/\/radiowebmx.com\/nota\/wp-json\/wp\/v2\/posts\/14254\/revisions\/14255"}],"wp:attachment":[{"href":"https:\/\/radiowebmx.com\/nota\/wp-json\/wp\/v2\/media?parent=14254"}],"wp:term":[{"taxonomy":"category","embeddable":true,"href":"https:\/\/radiowebmx.com\/nota\/wp-json\/wp\/v2\/categories?post=14254"},{"taxonomy":"post_tag","embeddable":true,"href":"https:\/\/radiowebmx.com\/nota\/wp-json\/wp\/v2\/tags?post=14254"}],"curies":[{"name":"wp","href":"https:\/\/api.w.org\/{rel}","templated":true}]}}