{"id":14250,"date":"2015-03-31T11:16:37","date_gmt":"2015-03-31T17:16:37","guid":{"rendered":"https:\/\/radiowebmx.com\/nota\/?p=14250"},"modified":"2015-03-31T11:16:37","modified_gmt":"2015-03-31T17:16:37","slug":"liderazgo-de-mujeres-sera-una-gran-fortaleza-para-el-pan","status":"publish","type":"post","link":"https:\/\/radiowebmx.com\/nota\/liderazgo-de-mujeres-sera-una-gran-fortaleza-para-el-pan\/","title":{"rendered":"Liderazgo de mujeres ser\u00e1 una gran fortaleza para el PAN"},"content":{"rendered":"<p>\u201cPorque la mujer panista siempre ha tenido gran liderazgo en la pol\u00edtica y se trata de mujeres de lucha que pueden enrolarse en cualquier \u00e1mbito y dar buenos resultados en cualquier tarea que se les otorgue, el Partido Acci\u00f3n Nacional (PAN) le seguir\u00e1 apostando a su formaci\u00f3n e integraci\u00f3n a cada vez m\u00e1s espacios p\u00fablicos\u201d, se\u00f1al\u00f3 la secretaria estatal de Promoci\u00f3n Pol\u00edtica de la Mujer, F\u00e1tima D\u00edaz Fern\u00e1ndez, en su mensaje de bienvenida a m\u00e1s de 500 panistas de todos los puntos del estado en el Encuentro Estatal \u201cLa mujer como cambio y desarrollo social\u201d.<\/p>\n<p>&nbsp;<\/p>\n<p>En dicho evento que cont\u00f3 con la presencia del integrante de la Comisi\u00f3n Permanente del Comit\u00e9 Ejecutivo Nacional (CEN), Marko Cort\u00e9s Mendoza, la tambi\u00e9n organizadora del encuentro explic\u00f3 que esto forma parte del programa para el desarrollo integral en liderazgo participativo para mujeres donde el PAN en Michoac\u00e1n trabaja para capacitar a m\u00e1s 700 michoacanas de los 113 municipios y desarrollar al m\u00e1ximo sus capacidades para contar con perfiles sumamente preparados para participar en los comicios.<\/p>\n<p>&nbsp;<\/p>\n<p>\u201cDe esta manera aseguraremos que las mujeres tengan acceso a puestos en los que la toma de decisiones abone grandemente al desarrollo de Michoac\u00e1n, garantizando que las mismas ejerzan plenamente sus derechos pol\u00edticos y electorales con miras a la paridad de g\u00e9nero y al desempe\u00f1o de sus actividades en la administraci\u00f3n p\u00fablica\u201d, explic\u00f3 la funcionaria.<\/p>\n<p>&nbsp;<\/p>\n<p>Es de esta manera, agreg\u00f3, que se tiene como meta el empoderamiento y fortalecimiento del desarrollo de liderazgo para el sector femenil donde las participantes de este programa del PAN contar\u00e1n con los conocimientos, herramientas y t\u00e9cnicas necesarias que les permitan desarrollar \u00f3ptimamente sus funciones al servicio de la sociedad michoacana y representar de manera adecuada a los ciudadanos, demostrando la importancia de la participaci\u00f3n de las mujeres en el \u00e1mbito pol\u00edtico en cargos de responsabilidad a nivel municipal, estatal y federal.<\/p>\n<p>&nbsp;<\/p>\n<p>Para ello, en este encuentro las panistas recibieron las ponencias del integrante de la Coparmex David Luviano, la especialista en salud e inteligencia emocional y asesora del CEN Marcela Mondrag\u00f3n, as\u00ed como el coach en pol\u00edtica Alejandro Nava, en temas como \u201cHerramientas pr\u00e1cticas de liderazgo participativo para mujeres\u201d, as\u00ed como la instalaci\u00f3n de una Mesa de an\u00e1lisis sobre los roles de \u00edndole social y pol\u00edtica del g\u00e9nero femenino con la intervenci\u00f3n de la secretaria nacional de Capacitaci\u00f3n y diputada federal Mar\u00eda Teresa Jim\u00e9nez Esquivel, la consejera nacional Margarita Mar\u00eda Mart\u00ednez Fisher y la diputada Gabriela Ceballos Hern\u00e1ndez, en compa\u00f1\u00eda de diversas l\u00edderes del albiazul.<\/p>\n<p>&nbsp;<\/p>\n<p><b>\u00a0<\/b><\/p>\n","protected":false},"excerpt":{"rendered":"<p>\u201cPorque la mujer panista siempre ha tenido gran liderazgo en la pol\u00edtica y se trata de mujeres de lucha que pueden enrolarse en cualquier \u00e1mbito y dar buenos resultados en cualquier tarea que se les otorgue, el PAN le seguir\u00e1 apostando a su formaci\u00f3n e integraci\u00f3n a cada vez m\u00e1s espacios p\u00fablicos\u201d,<\/p>\n","protected":false},"author":1,"featured_media":14251,"comment_status":"open","ping_status":"open","sticky":false,"template":"","format":"standard","meta":{"footnotes":""},"categories":[14,13,11],"tags":[],"class_list":["post-14250","post","type-post","status-publish","format-standard","has-post-thumbnail","hentry","category-destacadas","category-pan","category-partidos-politicos"],"_links":{"self":[{"href":"https:\/\/radiowebmx.com\/nota\/wp-json\/wp\/v2\/posts\/14250","targetHints":{"allow":["GET"]}}],"collection":[{"href":"https:\/\/radiowebmx.com\/nota\/wp-json\/wp\/v2\/posts"}],"about":[{"href":"https:\/\/radiowebmx.com\/nota\/wp-json\/wp\/v2\/types\/post"}],"author":[{"embeddable":true,"href":"https:\/\/radiowebmx.com\/nota\/wp-json\/wp\/v2\/users\/1"}],"replies":[{"embeddable":true,"href":"https:\/\/radiowebmx.com\/nota\/wp-json\/wp\/v2\/comments?post=14250"}],"version-history":[{"count":2,"href":"https:\/\/radiowebmx.com\/nota\/wp-json\/wp\/v2\/posts\/14250\/revisions"}],"predecessor-version":[{"id":14253,"href":"https:\/\/radiowebmx.com\/nota\/wp-json\/wp\/v2\/posts\/14250\/revisions\/14253"}],"wp:featuredmedia":[{"embeddable":true,"href":"https:\/\/radiowebmx.com\/nota\/wp-json\/wp\/v2\/media\/14251"}],"wp:attachment":[{"href":"https:\/\/radiowebmx.com\/nota\/wp-json\/wp\/v2\/media?parent=14250"}],"wp:term":[{"taxonomy":"category","embeddable":true,"href":"https:\/\/radiowebmx.com\/nota\/wp-json\/wp\/v2\/categories?post=14250"},{"taxonomy":"post_tag","embeddable":true,"href":"https:\/\/radiowebmx.com\/nota\/wp-json\/wp\/v2\/tags?post=14250"}],"curies":[{"name":"wp","href":"https:\/\/api.w.org\/{rel}","templated":true}]}}