{"id":14244,"date":"2015-03-30T11:41:05","date_gmt":"2015-03-30T17:41:05","guid":{"rendered":"https:\/\/radiowebmx.com\/nota\/?p=14244"},"modified":"2015-03-30T11:41:05","modified_gmt":"2015-03-30T17:41:05","slug":"celebra-el-gobernador-que-la-tradicion-artesanal-de-michoacan-se-fortalezca-con-la-participacion-de-nuevas-generaciones","status":"publish","type":"post","link":"https:\/\/radiowebmx.com\/nota\/celebra-el-gobernador-que-la-tradicion-artesanal-de-michoacan-se-fortalezca-con-la-participacion-de-nuevas-generaciones\/","title":{"rendered":"CELEBRA EL GOBERNADOR QUE LA TRADICI\u00d3N ARTESANAL DE MICHOAC\u00c1N SE FORTALEZCA CON LA PARTICIPACI\u00d3N DE NUEVAS GENERACIONES"},"content":{"rendered":"<p>Con un llamado a solidarizarse con el gremio artesanal de la entidad, al no solo visitar Uruapan y su tianguis de artesan\u00edas, sino verdaderamente adquirir las maravillosas piezas que en \u00e9l se muestran, el gobernador Salvador Jara Guerrero inaugur\u00f3 la muestra artesanal de Domingo de Ramos y entreg\u00f3 los premios de la 55 edici\u00f3n del Concurso de Artesan\u00edas, que con motivo de estas fechas se realiza en la Perla del Cupatitzio.<\/p>\n<p>En la exhibici\u00f3n artesanal m\u00e1s grande de Am\u00e9rica Latina y referente de la ancestral tradici\u00f3n michoacana de transformar la madera, el barro, la pasta de ca\u00f1a, el cobre, la lana, entre otros materiales, en aut\u00e9nticas piezas de arte, el jefe del Ejecutivo estatal estableci\u00f3 dos compromisos con el sector: proponer al Cabildo de Uruapan o establecer un Decreto del Gobierno del Estado para que solo los artesanos michoacanos puedan vender en este tianguis, sin intermediarismo; as\u00ed como ser facilitador de la comercializaci\u00f3n.<\/p>\n<p>Y tambi\u00e9n recalc\u00f3: &#8220;es un orgullo tener piezas \u00fanicas pero tenemos que ayudar a todos los artesanos que viven d\u00eda a d\u00eda haciendo esas piezas; llamo a la conciencia y solidaridad de todos para que visiten Uruapan estos d\u00edas, que consuman artesan\u00edas&#8221;.<\/p>\n<p>Celebr\u00f3 que en esta edici\u00f3n, gran parte de los premiados son j\u00f3venes y son primeras generaciones de artesanos, lo que muestra que las nuevas generaciones est\u00e1n interesados en innovar sin perder las caracter\u00edsticas tradicionales, lo cual da un valor agregado a las piezas; &#8220;lejos de perder la tradici\u00f3n, estamos ganando personas que est\u00e1n haciendo nueva artesan\u00eda&#8221;.<\/p>\n<p>El director de la Casa de las Artesan\u00edas del estado, Rafael Paz Vega, explic\u00f3 que en el Tianguis artesanal participan m\u00e1s de mil 250 artesanos que exponen piezas \u00fanicas que invitan a encontrar y descubrir los secretos de sus sentimientos a trav\u00e9s de la diversidad de texturas y materias, donde adem\u00e1s concurren las cuatro etnias ind\u00edgenas que existen en Michoac\u00e1n,\u00a0 Pur\u00e9pecha, N\u00e1huatl, Otom\u00ed y Mazahua, en las Plazas \u201cM\u00e1rtires de Uruapan\u201d y \u201cMorelos\u201d, la Huat\u00e1pera y ahora con una extensi\u00f3n en la calle Ocampo, a un costado de la Casa de la Cultura, del 28 de marzo al 12 de abril del presente a\u00f1o.<\/p>\n<p>Mientras que en el concurso se pudieron admirar 2 mil 393 piezas registradas por mil 353 maestros artesanos de 77 comunidades, mismas que est\u00e1n en exposici\u00f3n\u00a0 y venta al p\u00fablico, y de las cuales tan solo en este primer d\u00eda se vendieron 325 piezas por un monto de 670 mil pesos.<\/p>\n<p>Resalt\u00f3 adem\u00e1s que por primera ocasi\u00f3n en 55 a\u00f1os, se otorgaron 291 premios por un monto hist\u00f3rico de un mill\u00f3n 125 mil pesos y de los cuales el Gobierno de la Rep\u00fablica, a trav\u00e9s del Fonart, aport\u00f3 510 mil pesos y Casa de las Artesan\u00edas 355 mil. Adem\u00e1s, fueron entregados tres Galardones especiales de 20 mil pesos cada uno en honor a grandes maestros artesanales: Don Arturo Olivares Gallaga de P\u00e1tzcuaro, Don Victoriano Salgado Morales de Uruapan y Don Antonio Hern\u00e1ndez Gonz\u00e1lez de Patamban.<\/p>\n<p>Paz Vega enfatiz\u00f3 que gracias a todos los que contribuyen econ\u00f3micamente en este concurso, se logr\u00f3 incrementar del a\u00f1o 2012 al 2015 un 250 por ciento los montos de aportaci\u00f3n y un 182 por ciento los premios otorgados, ya que en el 2012 se entregaron 160 premios por 450 mil pesos, y este a\u00f1o 291 premios por un mill\u00f3n 125 mil pesos.<\/p>\n<p><b>LA ARTESAN\u00cdA DEBE SEGUIR SIENDO MOTIVO DE ORGULLO<\/b><\/p>\n<p>David Eugenio Alem\u00e1n Jasso, director operativo del Fondo Nacional de Fomento a la Artesan\u00eda (Fonart), al acudir con la representaci\u00f3n de la titular de dicha dependencia, Liliana Romero Medina, se\u00f1al\u00f3 que para este 2015 la federaci\u00f3n particip\u00f3 en la bolsa de premios con 510 mil pesos, adem\u00e1s de adquirir artesan\u00edas por 500 mil pesos y apoyos a la producci\u00f3n que en semanas pasadas se entregaron.<\/p>\n<p>&#8220;Estos concursos buscan recuperar el prestigio de ser artesano y realizar piezas que deben seguir siendo motivo de orgullo, pero adem\u00e1s, que los artesanos puedan integrarse a mundo global con innovaciones, pero respetando su tradici\u00f3n&#8221;, dijo.<\/p>\n<p>En su mensaje de bienvenida, el presidente municipal de Uruapan, Gabino Gonz\u00e1lez Quintana, extern\u00f3 su reconocimiento a todas las y los artesanos del estado porque, por un lado, generan ingresos para sus familias y por otra parte, hacen que Michoac\u00e1n luzca en cada una de sus piezas. Afirm\u00f3 que este domingo en Uruapan, con la calidez de su gente, se respiran aires de seguridad, de certeza, donde los artesanos pueden venir con toda seguridad a vender sus piezas y los turistas disfrutar de las magn\u00edficas piezas que pueden conocer.<\/p>\n<p>Emilia Reyes Oseguera, presidenta de la Uni\u00f3n de Artesanos de Michoac\u00e1n, mencion\u00f3 que si bien el tianguis y el concurso representan una ventana de oportunidad para la comercializaci\u00f3n, es necesario que se garantice que solo los aut\u00e9nticos artesanos participen.<\/p>\n<p>Previo a la ceremonia de premiaci\u00f3n, el gobernador Salvador Jara, acompa\u00f1ado de su esposa Catherine Ettinger, as\u00ed como de legisladores y funcionarios estatales, inaugur\u00f3 el Tianguis por el cual realiz\u00f3 un recorrido, para enseguida conocer las piezas participantes y ganadoras que se exhiben en la Casa de la Cultura de Uruapan.<\/p>\n<p>En la LV edici\u00f3n del Concurso Estatal de Artesan\u00eda, el Galard\u00f3n \u201cArturo Olivares Gallaga\u2019\u2019, quien fuera uno de los principales promotores del quehacer artesanal, se le otorg\u00f3 a Arnulfo Rubio Orozco, originario de Paracho, por la elaboraci\u00f3n de su guitarra de maple; el galard\u00f3n \u201cVictoriano Salgado Morales\u201d, fue para Jos\u00e9 Luis Garc\u00eda Lucas, con un trastero de la localidad de Cuanajo, y el galard\u00f3n \u201cAntonio Hern\u00e1ndez Gonz\u00e1lez\u201d lo obtuvo la artesana Graciela Campos Gonz\u00e1lez, de la comunidad de San Felipe de los Herreros, quien elabor\u00f3 una blusa deshilada.<\/p>\n<p>Las y los artesanos ganadores de los galardones fueron: Mar\u00eda Francisca Bravo Toral, de Angahuan; Ylda Mar\u00eda Jacuinde Apolonio, de Hu\u00e1ncito; David Arnoldo Rubio Timal, de Paracho; Luz Mar\u00eda Nico Soto, de Angahuan; Maribel Maya Aguirre, de Morelia; Jeanette Zacari Hern\u00e1ndez, de Aranza; Rafael Villalobos Corona, de Morelia; Miguel Santos Remigio, de Cocucho; Tom\u00e1s Caro Romero, de Uruapan;\u00a0 Alejandro Delgado Rocha, de Apatzingan; Roberto Torres Ayala, de Capula; Juan Carlos de la Cruz Hern\u00e1ndez, de Capula;\u00a0 Martina Navarro Gonz\u00e1lez, de Uruapan, y\u00a0 Araceli Rodr\u00edguez Bautista, de Ahuiran.<\/p>\n<p>Adem\u00e1s, Magdalena S\u00e1nchez Valdez, de Tur\u00edcuaro; Pedro Huipe Silva, de Ahuiran; Maximino Tapia Mart\u00ednez, de P\u00e1tzcuaro; Mart\u00edn Maldonado Rueda, de Huetamo; Cesar Augusto Montes Rosales, de P\u00e1tzcuaro;\u00a0 Rosa Calvillo Garc\u00eda, de Cach\u00e1n de Echevarr\u00eda; Francisca Santacruz Acosta, de Angahuan;\u00a0 Nicomedes Juan Calvillo, de Cach\u00e1n de Santa Cruz; Luis Murillo Ordaz, de Pur\u00e9pero; Edgar Pi\u00f1a Vaca, de Paracho;\u00a0 Sacramento Equihua Ramos, de Paracho;\u00a0 Ram\u00f3n Hern\u00e1ndez Almanza, de Zinap\u00e9cuaro;\u00a0 Rafael Galv\u00e1n Sierra, de Charapan;\u00a0 Oscar Hern\u00e1ndez Miranda, de Tlalpujahua,\u00a0 y Gloria Estrada Huipe, de Ahuiran.<\/p>\n","protected":false},"excerpt":{"rendered":"<p>Con un llamado a solidarizarse con el gremio artesanal de la entidad, al no solo visitar Uruapan y su tianguis de artesan\u00edas, sino verdaderamente adquirir las maravillosas piezas que en \u00e9l se muestran, el gobernador SJG inaugur\u00f3 la muestra artesanal de Domingo de Ramos y entreg\u00f3 los premios de la 55 edici\u00f3n del Concurso de Artesan\u00edas, <\/p>\n","protected":false},"author":1,"featured_media":0,"comment_status":"open","ping_status":"open","sticky":false,"template":"","format":"standard","meta":{"footnotes":""},"categories":[3],"tags":[],"class_list":["post-14244","post","type-post","status-publish","format-standard","hentry","category-gobierno-del-estado-de-michoacan"],"_links":{"self":[{"href":"https:\/\/radiowebmx.com\/nota\/wp-json\/wp\/v2\/posts\/14244","targetHints":{"allow":["GET"]}}],"collection":[{"href":"https:\/\/radiowebmx.com\/nota\/wp-json\/wp\/v2\/posts"}],"about":[{"href":"https:\/\/radiowebmx.com\/nota\/wp-json\/wp\/v2\/types\/post"}],"author":[{"embeddable":true,"href":"https:\/\/radiowebmx.com\/nota\/wp-json\/wp\/v2\/users\/1"}],"replies":[{"embeddable":true,"href":"https:\/\/radiowebmx.com\/nota\/wp-json\/wp\/v2\/comments?post=14244"}],"version-history":[{"count":1,"href":"https:\/\/radiowebmx.com\/nota\/wp-json\/wp\/v2\/posts\/14244\/revisions"}],"predecessor-version":[{"id":14245,"href":"https:\/\/radiowebmx.com\/nota\/wp-json\/wp\/v2\/posts\/14244\/revisions\/14245"}],"wp:attachment":[{"href":"https:\/\/radiowebmx.com\/nota\/wp-json\/wp\/v2\/media?parent=14244"}],"wp:term":[{"taxonomy":"category","embeddable":true,"href":"https:\/\/radiowebmx.com\/nota\/wp-json\/wp\/v2\/categories?post=14244"},{"taxonomy":"post_tag","embeddable":true,"href":"https:\/\/radiowebmx.com\/nota\/wp-json\/wp\/v2\/tags?post=14244"}],"curies":[{"name":"wp","href":"https:\/\/api.w.org\/{rel}","templated":true}]}}