{"id":14238,"date":"2015-03-30T11:34:20","date_gmt":"2015-03-30T17:34:20","guid":{"rendered":"https:\/\/radiowebmx.com\/nota\/?p=14238"},"modified":"2015-03-30T11:34:20","modified_gmt":"2015-03-30T17:34:20","slug":"el-amor-de-familia-impulso-para-mejorar-la-vida-de-personas-con-capacidades-diferentes-mc-de-abud","status":"publish","type":"post","link":"https:\/\/radiowebmx.com\/nota\/el-amor-de-familia-impulso-para-mejorar-la-vida-de-personas-con-capacidades-diferentes-mc-de-abud\/","title":{"rendered":"El amor de familia, impulso para mejorar la vida de personas con capacidades diferentes: MC de Abud"},"content":{"rendered":"<p>El amor y dedicaci\u00f3n que dan las madres de familia y trabajadores del Centro de Atenci\u00f3n Integral para la Cultura de la Discapacidad, nos permiten trabajar con mayor compromiso para mejorar la calidad de vida de quienes buscan el apoyo del DIF Morelia, Miriam Cruz de Abud, presidenta del DIF Morelia, quien visit\u00f3 las instalaciones y convivi\u00f3 con los alumnos.<\/p>\n<p>&nbsp;<\/p>\n<p>Durante su gira, Miriam Cruz conoci\u00f3 de las m\u00faltiples plataformas y terapias con las que se atienden a las personas con capacidades diferentes a trav\u00e9s de este centro de ayuda, mismas que van desde talleres vivenciales, hasta terapias y consultas en la Unidad B\u00e1sica de Rehabilitaci\u00f3n.<\/p>\n<p>&nbsp;<\/p>\n<p>Agradeci\u00f3 con mucho cari\u00f1o, el trabajo de las mam\u00e1s y familiares de estas personas especiales, quienes son las hero\u00ednas verdaderas, pues ellas llevan a sus hijos e hijas, con mucho afecto a fin de mejorar su calidad de vida.<\/p>\n<p>&nbsp;<\/p>\n<p>Los trabajadores del centro, encabezados por su directora Griselda Michele Cuevas Mendoza, agradeciieron a la presidenta del DIF, Miriam Cruz de Abud, su inter\u00e9s de aportar y sumarse con mayor ah\u00ednco a los trabajos que permitan subsanar algunas carencias en este centro, donde hay 41 pacientes fijos y m\u00e1s de tres decenas de ambulatorios.<\/p>\n<p>&nbsp;<\/p>\n<p>Cantando, saludando y participando en algunas de las terapias, la se\u00f1ora Miriam Cruz de Abud, destac\u00f3 la importancia de mejorar algunas de las condiciones actuales del centro, cosa que recomend\u00f3 a sus damas voluntarias para que, adem\u00e1s de vivir esta maravillosa experiencia, se sumen en acciones que permitan concretarse en m\u00e1s y mejores equipos, as\u00ed como tecnolog\u00eda espec\u00edfica para terapias visuales, psicoterap\u00e9uticas, educativas, entre muchas otras m\u00e1s.<\/p>\n<p>&nbsp;<\/p>\n<p>Visit\u00f3 cada una de las \u00e1reas que del Centro, mismas que promueven la inclusi\u00f3n de personas con capacidades diferentes en el \u00e1mbito familiar, social, educativo, laboral y deportivo, adem\u00e1s de ser invitada especial en un convivo especial de cumplea\u00f1os.<\/p>\n<p>&nbsp;<\/p>\n<p>Datos generales:<\/p>\n<p>9 Talleres vivenciales<\/p>\n<p>1 grupo de padres de familia con sus hijos<\/p>\n<p>1 grupo de\u00a0 orientaci\u00f3n y movilidad<\/p>\n<p>1 grupo Crece<\/p>\n<p>Un sistema Villa M\u00e1gica para atenci\u00f3n terap\u00e9utica infantil interactiva<\/p>\n","protected":false},"excerpt":{"rendered":"<p>El amor y dedicaci\u00f3n que dan las madres de familia y trabajadores del Centro de Atenci\u00f3n Integral para la Cultura de la Discapacidad, nos permiten trabajar con mayor compromiso para mejorar la calidad de vida de quienes buscan el apoyo del DIF Morelia, Miriam Cruz de Abud, presidenta del DIF Morelia,<\/p>\n","protected":false},"author":1,"featured_media":14239,"comment_status":"open","ping_status":"open","sticky":false,"template":"","format":"standard","meta":{"footnotes":""},"categories":[14,9],"tags":[],"class_list":["post-14238","post","type-post","status-publish","format-standard","has-post-thumbnail","hentry","category-destacadas","category-morelia"],"_links":{"self":[{"href":"https:\/\/radiowebmx.com\/nota\/wp-json\/wp\/v2\/posts\/14238","targetHints":{"allow":["GET"]}}],"collection":[{"href":"https:\/\/radiowebmx.com\/nota\/wp-json\/wp\/v2\/posts"}],"about":[{"href":"https:\/\/radiowebmx.com\/nota\/wp-json\/wp\/v2\/types\/post"}],"author":[{"embeddable":true,"href":"https:\/\/radiowebmx.com\/nota\/wp-json\/wp\/v2\/users\/1"}],"replies":[{"embeddable":true,"href":"https:\/\/radiowebmx.com\/nota\/wp-json\/wp\/v2\/comments?post=14238"}],"version-history":[{"count":1,"href":"https:\/\/radiowebmx.com\/nota\/wp-json\/wp\/v2\/posts\/14238\/revisions"}],"predecessor-version":[{"id":14240,"href":"https:\/\/radiowebmx.com\/nota\/wp-json\/wp\/v2\/posts\/14238\/revisions\/14240"}],"wp:featuredmedia":[{"embeddable":true,"href":"https:\/\/radiowebmx.com\/nota\/wp-json\/wp\/v2\/media\/14239"}],"wp:attachment":[{"href":"https:\/\/radiowebmx.com\/nota\/wp-json\/wp\/v2\/media?parent=14238"}],"wp:term":[{"taxonomy":"category","embeddable":true,"href":"https:\/\/radiowebmx.com\/nota\/wp-json\/wp\/v2\/categories?post=14238"},{"taxonomy":"post_tag","embeddable":true,"href":"https:\/\/radiowebmx.com\/nota\/wp-json\/wp\/v2\/tags?post=14238"}],"curies":[{"name":"wp","href":"https:\/\/api.w.org\/{rel}","templated":true}]}}