{"id":14226,"date":"2015-03-30T11:25:47","date_gmt":"2015-03-30T17:25:47","guid":{"rendered":"https:\/\/radiowebmx.com\/nota\/?p=14226"},"modified":"2015-03-30T11:25:47","modified_gmt":"2015-03-30T17:25:47","slug":"morelia-arranca-operativo-vacacional-de-semana-santa","status":"publish","type":"post","link":"https:\/\/radiowebmx.com\/nota\/morelia-arranca-operativo-vacacional-de-semana-santa\/","title":{"rendered":"Morelia arranca operativo vacacional de Semana Santa"},"content":{"rendered":"<p>El Ayuntamiento de Morelia, a trav\u00e9s de su Secretaria de Turismo, dio la bienvenida a los turistas que ingresaron a la ciudad en las primeras horas de este s\u00e1bado, como parte del inicio del periodo \u00a0vacacional de Semana Santa 2015.<\/p>\n<p>&nbsp;<\/p>\n<p>Fue en la Salida a Salamanca, donde el director de Turismo de Morelia, Carlos Garc\u00eda Delgado, as\u00ed como personal de la dependencia brindaron, de la manera m\u00e1s atenta y afectiva, la bienvenida a los visitantes que se iban incorporando a la ciudad a trav\u00e9s de esta arteria vehicular que es una de las m\u00e1s importantes por su conexi\u00f3n hacia otros estados y que representa un acceso principal.<\/p>\n<p>&nbsp;<\/p>\n<p>En esta primera etapa de recibimiento, se entreg\u00f3 a los turistas un distintivo alusivo a estas fechas con la imagen oficial de Semana Santa que el ayuntamiento ha lanzado \u00a0y en las que se inclu\u00eda una caja decorativa con im\u00e1genes de la ciudad, en cuyo interior contiene un dulce regional, un mapa de la ciudad, una postal, un d\u00edptico con las actividades que se desarrollar\u00e1n durante estos d\u00edas, una pulsera y un p\u00f3ster alusivo a este periodo vacacional de Semana Santa.<\/p>\n<p>&nbsp;<\/p>\n<p>Por su parte, los automovilistas que fueron recibidos agradecieron el formal recibimiento por parte de las autoridades municipales, acto que trajo como resultado que las expresiones de los turistas fueran de notoria alegr\u00eda por estar de visita en esta ciudad.<\/p>\n<p>&nbsp;<\/p>\n<p>Acto seguido de este primer encuentro con los visitantes,\u00a0 Garc\u00eda Delgado\u00a0 as\u00ed como su personal, se movilizaron\u00a0 a la Terminal de Autobuses de Morelia en donde tambi\u00e9n se les dio la bienvenida a las personas\u00a0 que ven\u00edan arribando a la ciudad a trav\u00e9s de las diferentes l\u00edneas de transporte con las que cuenta dicha terminal y en donde a nombre del secretario de Turismo Municipal, Enrique Rivera, se les agradeci\u00f3 de manera personal a los turistas la confianza y la oportunidad que le dan a la autoridad municipal para mostrar las riquezas culturales, arquitect\u00f3nicas y tur\u00edsticas con las que cuenta la capital del estado.<\/p>\n<p>&nbsp;<\/p>\n<p>El funcionario agreg\u00f3 que, a nombre del presidente municipal, Salvador Abud Mirabent, se reitera el compromiso que se tiene con el sector tur\u00edstico a trav\u00e9s de acciones que proyecten a Morelia como uno de los mejores destinos tur\u00edsticos a nivel nacional y continuar detonando la econom\u00eda de los morelianos durante todos los periodos vacacionales.<\/p>\n<p>&nbsp;<\/p>\n<p>Con estas acciones que el ayuntamiento emprende, se espera que durante este periodo vacacional de Semana Santa se tenga una ocupaci\u00f3n hotelera durante los d\u00edas santos del 100 por ciento, una ocupaci\u00f3n generalizada durante las tres semanas que dura el periodo de un 70 por ciento, esperando una afluencia de m\u00e1s de 20 mil visitantes, con una derrama econ\u00f3mica esperada de 100 millones de pesos.<\/p>\n<p>&nbsp;<\/p>\n","protected":false},"excerpt":{"rendered":"<p>El Ayuntamiento de Morelia, a trav\u00e9s de su Secretaria de Turismo, dio la bienvenida a los turistas que ingresaron a la ciudad en las primeras horas de este s\u00e1bado, como parte del inicio del periodo  vacacional de Semana Santa 2015.<\/p>\n","protected":false},"author":1,"featured_media":14227,"comment_status":"open","ping_status":"open","sticky":false,"template":"","format":"standard","meta":{"footnotes":""},"categories":[14,9],"tags":[],"class_list":["post-14226","post","type-post","status-publish","format-standard","has-post-thumbnail","hentry","category-destacadas","category-morelia"],"_links":{"self":[{"href":"https:\/\/radiowebmx.com\/nota\/wp-json\/wp\/v2\/posts\/14226","targetHints":{"allow":["GET"]}}],"collection":[{"href":"https:\/\/radiowebmx.com\/nota\/wp-json\/wp\/v2\/posts"}],"about":[{"href":"https:\/\/radiowebmx.com\/nota\/wp-json\/wp\/v2\/types\/post"}],"author":[{"embeddable":true,"href":"https:\/\/radiowebmx.com\/nota\/wp-json\/wp\/v2\/users\/1"}],"replies":[{"embeddable":true,"href":"https:\/\/radiowebmx.com\/nota\/wp-json\/wp\/v2\/comments?post=14226"}],"version-history":[{"count":2,"href":"https:\/\/radiowebmx.com\/nota\/wp-json\/wp\/v2\/posts\/14226\/revisions"}],"predecessor-version":[{"id":14229,"href":"https:\/\/radiowebmx.com\/nota\/wp-json\/wp\/v2\/posts\/14226\/revisions\/14229"}],"wp:featuredmedia":[{"embeddable":true,"href":"https:\/\/radiowebmx.com\/nota\/wp-json\/wp\/v2\/media\/14227"}],"wp:attachment":[{"href":"https:\/\/radiowebmx.com\/nota\/wp-json\/wp\/v2\/media?parent=14226"}],"wp:term":[{"taxonomy":"category","embeddable":true,"href":"https:\/\/radiowebmx.com\/nota\/wp-json\/wp\/v2\/categories?post=14226"},{"taxonomy":"post_tag","embeddable":true,"href":"https:\/\/radiowebmx.com\/nota\/wp-json\/wp\/v2\/tags?post=14226"}],"curies":[{"name":"wp","href":"https:\/\/api.w.org\/{rel}","templated":true}]}}