{"id":14219,"date":"2015-03-30T11:07:06","date_gmt":"2015-03-30T17:07:06","guid":{"rendered":"https:\/\/radiowebmx.com\/nota\/?p=14219"},"modified":"2015-03-30T11:07:06","modified_gmt":"2015-03-30T17:07:06","slug":"accion-nacional-listo-para-ganar-la-batalla-por-michoacan-con-los-mejores-candidatos","status":"publish","type":"post","link":"https:\/\/radiowebmx.com\/nota\/accion-nacional-listo-para-ganar-la-batalla-por-michoacan-con-los-mejores-candidatos\/","title":{"rendered":"Acci\u00f3n Nacional, listo para ganar la batalla por Michoac\u00e1n con los mejores candidatos"},"content":{"rendered":"<p>Hoy venimos a decirle a todo Michoac\u00e1n que el Partido Acci\u00f3n Nacional (PAN) se encuentra listo con un equipo de l\u00edderes que caminar\u00e1n las calles de todos los municipios, ciudades y pueblos, tocando puertas, estrechando manos, mirando a los ojos a los michoacanos para hablarles de frente y con la verdad, llevando el mensaje de aliento y de esperanza, de fuerza y determinaci\u00f3n que tanto necesita Michoac\u00e1n, asever\u00f3 Antonio Berber Mart\u00ednez, secretario general albiazul durante el arranque de los registros de candidatos a presidentes municipales y diputados locales ante el Instituto Electoral de Michoac\u00e1n (IEM).<\/p>\n<p>&nbsp;<\/p>\n<p>\u201cQue a nadie le quede duda que vamos con candidatos ganadores, que vamos con los mejores, que vamos con los que van a mover almas, con los mejores soldados en esta gran batalla por Michoac\u00e1n, que estamos listos para regresar la paz a nuestra tan golpeada regi\u00f3n de Tierra Caliente, que estamos listos para que las mujeres, los j\u00f3venes, las familias y los ni\u00f1os recobren la confianza en sus calles, en sus plazas en sus parques p\u00fablicos\u201d, se\u00f1al\u00f3 el funcionario del Comit\u00e9 Directivo Estatal durante el registro formal de los abanderados panistas.<\/p>\n<p>&nbsp;<\/p>\n<p>Asimismo, de manera previa en la toma de protesta y jornada de capacitaciones de los candidatos, Luisa Mar\u00eda Calder\u00f3n Hinojosa, contendiente por el PAN a la gubernatura del estado, conmin\u00f3 a los 111 abanderados panistas a ayuntamientos y 24 aspirantes a distritos locales a ser transparentes y a asumir el reto de reivindicar la pol\u00edtica as\u00ed como el sentido pol\u00edtico de la vida en comunidad, ya que \u201ca eso nos venimos a comprometer tu y yo en esta toma de protesta ante este partido que nos ha abierto las puertas y nos ha obligado a tener claro que venimos a construir bien com\u00fan\u201d.<\/p>\n<p>&nbsp;<\/p>\n<p>Por su parte, el senador Salvador Vega Casillas exhort\u00f3 a los abanderados a forjar grandes acuerdos, trabajar duro y demostrar que Michoac\u00e1n se puede reconstruir, toda vez que lo que est\u00e1 en juego es el futuro de la entidad en esta etapa de tiempos sumamente oscuros y dif\u00edciles para la ciudadan\u00eda.<\/p>\n<p>&nbsp;<\/p>\n<p>En su turno, en el escenario del patio del IEM y ante un gran n\u00famero de militantes de todos los puntos de la entidad, Marko Cort\u00e9s Mendoza advirti\u00f3 que \u201clos panistas venimos este d\u00eda a decirle al \u00f3rgano electoral que nosotros s\u00ed vamos a cumplir la ley a cabalidad, que no vamos a superar los topes de campa\u00f1a, pero s\u00ed vamos a hablar de propuestas y proyectos reales para nuestros municipios y para el estado, que nosotros queremos conquistar la voluntad de los michoacanos, \u00a1vamos a decirle hoy al IEM que responderemos como debe ser pero que tambi\u00e9n exigiremos mano firme para se\u00f1alar cualquier fuera de lugar de nuestros adversarios!\u201d.<\/p>\n<p>&nbsp;<\/p>\n<p>De igual forma, Juan Jos\u00e9 Ocampo Zizumbo, dirigente del PAN en Morelia, puntualiz\u00f3 que los militantes irradian un gran orgullo por ser parte de este que es un partido generoso, que ense\u00f1a y les hace ser cada d\u00eda mejores humanos, entre muchas otras razones que los hacen mejores ciudadanos y tambi\u00e9n los mejores candidatos, honestos y dignos de ser abanderados albiazules, cuyo objetivo es dignificar el estado y dignificar el servicio p\u00fablico.<\/p>\n<p>&nbsp;<\/p>\n<p>Finalmente, a nombre de los abanderados a ayuntamientos, Ignacio Alvarado Laris, candidato a la alcald\u00eda de Morelia, resalt\u00f3 que \u201cestamos aqu\u00ed presentes porque podemos y queremos sacar adelante a nuestro estado y a nuestros municipios, para lo cual vamos a poner todo nuestro esfuerzo en un momento extraordinario para impulsar a Michoac\u00e1n acompa\u00f1ados de capacidad, voluntad, experiencia y habilidad para el servicio p\u00fablico\u201d.<\/p>\n","protected":false},"excerpt":{"rendered":"<p>Hoy venimos a decirle a todo Michoac\u00e1n que el Partido Acci\u00f3n Nacional (PAN) se encuentra listo con un equipo de l\u00edderes que caminar\u00e1n las calles de todos los municipios, ciudades y pueblos, <\/p>\n","protected":false},"author":1,"featured_media":14220,"comment_status":"open","ping_status":"open","sticky":false,"template":"","format":"standard","meta":{"footnotes":""},"categories":[14,13,11],"tags":[],"class_list":["post-14219","post","type-post","status-publish","format-standard","has-post-thumbnail","hentry","category-destacadas","category-pan","category-partidos-politicos"],"_links":{"self":[{"href":"https:\/\/radiowebmx.com\/nota\/wp-json\/wp\/v2\/posts\/14219","targetHints":{"allow":["GET"]}}],"collection":[{"href":"https:\/\/radiowebmx.com\/nota\/wp-json\/wp\/v2\/posts"}],"about":[{"href":"https:\/\/radiowebmx.com\/nota\/wp-json\/wp\/v2\/types\/post"}],"author":[{"embeddable":true,"href":"https:\/\/radiowebmx.com\/nota\/wp-json\/wp\/v2\/users\/1"}],"replies":[{"embeddable":true,"href":"https:\/\/radiowebmx.com\/nota\/wp-json\/wp\/v2\/comments?post=14219"}],"version-history":[{"count":1,"href":"https:\/\/radiowebmx.com\/nota\/wp-json\/wp\/v2\/posts\/14219\/revisions"}],"predecessor-version":[{"id":14221,"href":"https:\/\/radiowebmx.com\/nota\/wp-json\/wp\/v2\/posts\/14219\/revisions\/14221"}],"wp:featuredmedia":[{"embeddable":true,"href":"https:\/\/radiowebmx.com\/nota\/wp-json\/wp\/v2\/media\/14220"}],"wp:attachment":[{"href":"https:\/\/radiowebmx.com\/nota\/wp-json\/wp\/v2\/media?parent=14219"}],"wp:term":[{"taxonomy":"category","embeddable":true,"href":"https:\/\/radiowebmx.com\/nota\/wp-json\/wp\/v2\/categories?post=14219"},{"taxonomy":"post_tag","embeddable":true,"href":"https:\/\/radiowebmx.com\/nota\/wp-json\/wp\/v2\/tags?post=14219"}],"curies":[{"name":"wp","href":"https:\/\/api.w.org\/{rel}","templated":true}]}}