{"id":14207,"date":"2015-03-27T13:34:07","date_gmt":"2015-03-27T19:34:07","guid":{"rendered":"https:\/\/radiowebmx.com\/nota\/?p=14207"},"modified":"2015-03-27T13:34:07","modified_gmt":"2015-03-27T19:34:07","slug":"supervisa-obras-publicas-trabajos-en-plaza-carrillo","status":"publish","type":"post","link":"https:\/\/radiowebmx.com\/nota\/supervisa-obras-publicas-trabajos-en-plaza-carrillo\/","title":{"rendered":"Supervisa Obras P\u00fablicas  trabajos en Plaza Carrillo"},"content":{"rendered":"<p>La Secretar\u00eda de Obras P\u00fablicas del municipio de Morelia supervis\u00f3 las obras que la dependencia ejecuta para el Mejoramiento de la Imagen Urbana de la Plaza Carrillo y su entorno, uno de los \u00faltimos espacios Patrimonio Mundial que restaba por intervenir y que recibe una inversi\u00f3n de 13 millones. La Administraci\u00f3n Municipal ha dise\u00f1ado una estrategia conjunta para transformar los espacios arquitect\u00f3nicos que se ofrecen al turismo y a la propia ciudadan\u00eda, recuperando el antiguo paseo de la calzada con esta puerta majestuosa al Centro Hist\u00f3rico que adorna el ambicioso proyecto de la Calzada Ju\u00e1rez.<\/p>\n<p>&nbsp;<\/p>\n<p>De acuerdo con el titular de la dependencia, \u00a0Gustavo Moriel Armend\u00e1riz, todos los d\u00edas se supervisa la ejecuci\u00f3n de la obra, por lo que ha podido percatarse que desde el arranque de los trabajos han laborado cuadrillas nocturnas que trabajan hasta la madrugada, y de esta manera se generan avances significativos de tal manera que pr\u00e1cticamente se ha concluido el suministro y colocaci\u00f3n de canteras y, en paralelo, se ha instalado el sistema automatizado de riego que alimentar\u00e1 los espacios jardinados para su embellecimiento permanente.<\/p>\n<p>&nbsp;<\/p>\n<p>Destacan asimismo, las maniobras adicionales en el per\u00edmetro norte de la plaza para retirar m\u00e1s de 2 mil metros c\u00fabicos de material producto de excavaci\u00f3n, contaminado con aguas negras, que estuvieron escurriendo de antiguos ductos de cantera ya destruidos, que la dependencia repuso con tuber\u00eda de polietileno de alta densidad, lo que requiri\u00f3 el abastecimiento adicional de filtro, con la calidad de acuerdo con el dise\u00f1o de la estructura que el laboratorio de control de calidad autoriz\u00f3, para soportar los pavimentos hidr\u00e1ulicos y proteger los sistemas de descargas dom\u00e9sticas, redes de agua potable y drenaje pluvial que se instalaron.<\/p>\n<p>&nbsp;<\/p>\n<p>Moriel Armend\u00e1riz agradeci\u00f3 a los vecinos y comerciantes de la zona, que han estado atentos a los trabajos y se han convertido en los primeros supervisores de la obra, quienes adem\u00e1s han sido generosos al tolerar las molestias que la obra les ocasiona, en el entendido de que sin duda estos trabajos de mejoramiento rendir\u00e1n frutos una vez se les entregue esta obra concluida.<\/p>\n","protected":false},"excerpt":{"rendered":"<p>La Secretar\u00eda de Obras P\u00fablicas del municipio de Morelia supervis\u00f3 las obras que la dependencia ejecuta para el Mejoramiento de la Imagen Urbana de la Plaza Carrillo y su entorno, uno de los \u00faltimos espacios Patrimonio Mundial que restaba por intervenir y que recibe una inversi\u00f3n de 13 millones.<\/p>\n","protected":false},"author":1,"featured_media":14208,"comment_status":"open","ping_status":"open","sticky":false,"template":"","format":"standard","meta":{"footnotes":""},"categories":[14,9],"tags":[],"class_list":["post-14207","post","type-post","status-publish","format-standard","has-post-thumbnail","hentry","category-destacadas","category-morelia"],"_links":{"self":[{"href":"https:\/\/radiowebmx.com\/nota\/wp-json\/wp\/v2\/posts\/14207","targetHints":{"allow":["GET"]}}],"collection":[{"href":"https:\/\/radiowebmx.com\/nota\/wp-json\/wp\/v2\/posts"}],"about":[{"href":"https:\/\/radiowebmx.com\/nota\/wp-json\/wp\/v2\/types\/post"}],"author":[{"embeddable":true,"href":"https:\/\/radiowebmx.com\/nota\/wp-json\/wp\/v2\/users\/1"}],"replies":[{"embeddable":true,"href":"https:\/\/radiowebmx.com\/nota\/wp-json\/wp\/v2\/comments?post=14207"}],"version-history":[{"count":1,"href":"https:\/\/radiowebmx.com\/nota\/wp-json\/wp\/v2\/posts\/14207\/revisions"}],"predecessor-version":[{"id":14209,"href":"https:\/\/radiowebmx.com\/nota\/wp-json\/wp\/v2\/posts\/14207\/revisions\/14209"}],"wp:featuredmedia":[{"embeddable":true,"href":"https:\/\/radiowebmx.com\/nota\/wp-json\/wp\/v2\/media\/14208"}],"wp:attachment":[{"href":"https:\/\/radiowebmx.com\/nota\/wp-json\/wp\/v2\/media?parent=14207"}],"wp:term":[{"taxonomy":"category","embeddable":true,"href":"https:\/\/radiowebmx.com\/nota\/wp-json\/wp\/v2\/categories?post=14207"},{"taxonomy":"post_tag","embeddable":true,"href":"https:\/\/radiowebmx.com\/nota\/wp-json\/wp\/v2\/tags?post=14207"}],"curies":[{"name":"wp","href":"https:\/\/api.w.org\/{rel}","templated":true}]}}