{"id":14204,"date":"2015-03-27T13:29:18","date_gmt":"2015-03-27T19:29:18","guid":{"rendered":"https:\/\/radiowebmx.com\/nota\/?p=14204"},"modified":"2015-03-27T13:29:18","modified_gmt":"2015-03-27T19:29:18","slug":"morelia-estara-nuevamente-en-boca-del-mundo%e2%80%8f","status":"publish","type":"post","link":"https:\/\/radiowebmx.com\/nota\/morelia-estara-nuevamente-en-boca-del-mundo%e2%80%8f\/","title":{"rendered":"MORELIA ESTAR\u00c1 NUEVAMENTE EN BOCA DEL MUNDO\u200f"},"content":{"rendered":"<p>Una vez m\u00e1s, Morelia se proyectar\u00e1 al mundo al ser\u00a0 sede del festival internacional de gastronom\u00eda y vino de M\u00e9xico \u201cMorelia en boca 2015\u201d en donde en donde por quinta ocasi\u00f3n, la ciudad albergar\u00e1 a personalidades del\u00a0 mundo de los alimentos y bebidas\u00a0 de otros pa\u00edses y entidades de la naci\u00f3n.<\/p>\n<p>&nbsp;<\/p>\n<p>Para este a\u00f1o se espera un incremento en la afluencia de visitantes a lo largo de este festival que ser\u00e1n los d\u00edas 29, 30 y 31 del pr\u00f3ximo mes de mayo.<\/p>\n<p>&nbsp;<\/p>\n<p>La Casa de la Cultura ser\u00e1 la sede de este magno evento, que en entre otras actividades, tiene dentro de su programa ofrecer\u00a0 m\u00e1s de 10 conferencias y demostraciones, 15 catas, asimismo estar\u00e1n presentes 16 cocineras tradicionales, 23 chefs y se llevar\u00e1n a cabo 8 cenas.<\/p>\n<p>&nbsp;<\/p>\n<p>Este a\u00f1o, el festival dedica la edici\u00f3n a Diane Kennedy, reconocida chef internacional adem\u00e1s de que en el marco de este evento se utilizar\u00e1n productos michoacanos y realizar\u00e1n intercambios de cocina mexicana y Gran Breta\u00f1a.<\/p>\n<p>&nbsp;<\/p>\n<p>Durante la presentaci\u00f3n llevada a cabo en la Ciudad de M\u00e9xico estuvieron presentes el Secretario de Turismo Municipal Enrique Rivera Ruiz as\u00ed como\u00a0 Fernando P\u00e9rez Vera y Fernando Figueroa Silva presidentes del comit\u00e9 organizador.<\/p>\n","protected":false},"excerpt":{"rendered":"<p>Una vez m\u00e1s, Morelia se proyectar\u00e1 al mundo al ser  sede del festival internacional de gastronom\u00eda y vino de M\u00e9xico \u201cMorelia en boca 2015\u201d en donde en donde por quinta ocasi\u00f3n, la ciudad albergar\u00e1 a personalidades del  mundo de los alimentos y bebidas  de otros pa\u00edses y entidades de la naci\u00f3n.<\/p>\n","protected":false},"author":1,"featured_media":14205,"comment_status":"open","ping_status":"open","sticky":false,"template":"","format":"standard","meta":{"footnotes":""},"categories":[14,9],"tags":[],"class_list":["post-14204","post","type-post","status-publish","format-standard","has-post-thumbnail","hentry","category-destacadas","category-morelia"],"_links":{"self":[{"href":"https:\/\/radiowebmx.com\/nota\/wp-json\/wp\/v2\/posts\/14204","targetHints":{"allow":["GET"]}}],"collection":[{"href":"https:\/\/radiowebmx.com\/nota\/wp-json\/wp\/v2\/posts"}],"about":[{"href":"https:\/\/radiowebmx.com\/nota\/wp-json\/wp\/v2\/types\/post"}],"author":[{"embeddable":true,"href":"https:\/\/radiowebmx.com\/nota\/wp-json\/wp\/v2\/users\/1"}],"replies":[{"embeddable":true,"href":"https:\/\/radiowebmx.com\/nota\/wp-json\/wp\/v2\/comments?post=14204"}],"version-history":[{"count":1,"href":"https:\/\/radiowebmx.com\/nota\/wp-json\/wp\/v2\/posts\/14204\/revisions"}],"predecessor-version":[{"id":14206,"href":"https:\/\/radiowebmx.com\/nota\/wp-json\/wp\/v2\/posts\/14204\/revisions\/14206"}],"wp:featuredmedia":[{"embeddable":true,"href":"https:\/\/radiowebmx.com\/nota\/wp-json\/wp\/v2\/media\/14205"}],"wp:attachment":[{"href":"https:\/\/radiowebmx.com\/nota\/wp-json\/wp\/v2\/media?parent=14204"}],"wp:term":[{"taxonomy":"category","embeddable":true,"href":"https:\/\/radiowebmx.com\/nota\/wp-json\/wp\/v2\/categories?post=14204"},{"taxonomy":"post_tag","embeddable":true,"href":"https:\/\/radiowebmx.com\/nota\/wp-json\/wp\/v2\/tags?post=14204"}],"curies":[{"name":"wp","href":"https:\/\/api.w.org\/{rel}","templated":true}]}}