{"id":14198,"date":"2015-03-27T13:23:20","date_gmt":"2015-03-27T19:23:20","guid":{"rendered":"https:\/\/radiowebmx.com\/nota\/?p=14198"},"modified":"2015-03-27T13:23:20","modified_gmt":"2015-03-27T19:23:20","slug":"fonhapo-y-ayuntamiento-entregaron-vivienda-digna-a-140-familias-morelianas","status":"publish","type":"post","link":"https:\/\/radiowebmx.com\/nota\/fonhapo-y-ayuntamiento-entregaron-vivienda-digna-a-140-familias-morelianas\/","title":{"rendered":"Fonhapo y Ayuntamiento Entregaron vivienda digna a 140 familias morelianas"},"content":{"rendered":"<p>En una acci\u00f3n conjunta con el Gobierno Federal, el alcalde Salvador Abud Mirabent entreg\u00f3 la tarde de este jueves 140 viviendas en el conjunto habitacional \u201cEl Terrero\u201d, que beneficiar\u00e1n a igual n\u00famero de familias morelianas, quienes ya cuentan con un patrimonio que pueden heredar a sus hijos.<\/p>\n<p>&nbsp;<\/p>\n<p>El edil moreliano resalt\u00f3 que esta acci\u00f3n es una clara muestra\u00a0 de la Suma de Voluntades de la Federaci\u00f3n, a trav\u00e9s de la Secretar\u00eda de Desarrollo Agrario, Territorial y Urbano (Sedatu) y del Fideicomiso Fondo Nacional de Habitaciones Populares (Fonhapo), las instancias p\u00fablicas, privadas y la ciudadan\u00eda.<\/p>\n<p>&nbsp;<\/p>\n<p>\u201cEn el Gobierno Municipal hemos procurado ser una autoridad cercana a la ciudadan\u00eda, un aliado social que m\u00e1s que administrar los recursos, logre sumar la voluntad\u00a0 de los morelianos y de las instituciones para cumplir las necesidades comunales, \u00a0trabajar y vivir en armon\u00eda\u201d, coment\u00f3 Abud Mirabent.<\/p>\n<p>&nbsp;<\/p>\n<p>El programa vivienda digna, dijo, es un importante paso hacia adelante en el desarrollo social, un valioso acompa\u00f1amiento del Gobierno de la Rep\u00fablica hacia los morelianos, a fin de brindarles alternativas para hacerse de un hogar.<\/p>\n<p>&nbsp;<\/p>\n<p>El director del Fonhapo, \u00c1ngel Islava Tamayo, se\u00f1al\u00f3 que hoy se provee a los beneficiarios de moradas dignas que tienen en 44 metros cuadrados, sala, comedor, dos rec\u00e1maras, ba\u00f1o con muebles integrados y un tinaco, adem\u00e1s de un caj\u00f3n de estacionamiento y \u00e1reas libres en el exterior.<\/p>\n<p>&nbsp;<\/p>\n<p>Respecto a la inversi\u00f3n, inform\u00f3 que la administraci\u00f3n federal destin\u00f3 10 millones 684 mil pesos; el municipio una cantidad equivalente; las familias beneficiadas, un mill\u00f3n 484 mil pesos; y Provivah 2 millones 762 mil pesos, junto con el Monte de Piedad.<\/p>\n<p>&nbsp;<\/p>\n<p>La se\u00f1ora Ana Guido Ibarra, en representaci\u00f3n de las personas favorecidas, agradeci\u00f3 al presidente de M\u00e9xico, Enrique Pe\u00f1a Nieto, por apoyar a Michoac\u00e1n y en especial a Morelia, con programas que benefician a sus habitantes, de la misma forma al mun\u00edcipe moreliano.<\/p>\n<p>&nbsp;<\/p>\n<p>En el evento tambi\u00e9n estuvieron presentes Jorge Humberto Contreras Santiago, director de Inversi\u00f3n Social del Nacional Monte de Piedad; Armando Resa Becerril, director general del Fideicomiso PROVIVAH; Ram\u00f3n Rivera Far\u00edas, director de Instituto Municipal de la Vivienda en Morelia; la sindico Maribel Rodr\u00edguez \u00c1lvarez; los diputados Fernando Orozco Miranda y Jos\u00e9 Guadalupe Ram\u00edrez Gaytan, entre otros funcionarios.<\/p>\n<p>&nbsp;<\/p>\n","protected":false},"excerpt":{"rendered":"<p>En una acci\u00f3n conjunta con el Gobierno Federal, el alcalde Salvador Abud Mirabent entreg\u00f3 la tarde de este jueves 140 viviendas en el conjunto habitacional \u201cEl Terrero\u201d, que beneficiar\u00e1n a igual n\u00famero de familias morelianas, quienes ya cuentan con un patrimonio que pueden heredar a sus hijos.<\/p>\n","protected":false},"author":1,"featured_media":14199,"comment_status":"open","ping_status":"open","sticky":false,"template":"","format":"standard","meta":{"footnotes":""},"categories":[14,9],"tags":[],"class_list":["post-14198","post","type-post","status-publish","format-standard","has-post-thumbnail","hentry","category-destacadas","category-morelia"],"_links":{"self":[{"href":"https:\/\/radiowebmx.com\/nota\/wp-json\/wp\/v2\/posts\/14198","targetHints":{"allow":["GET"]}}],"collection":[{"href":"https:\/\/radiowebmx.com\/nota\/wp-json\/wp\/v2\/posts"}],"about":[{"href":"https:\/\/radiowebmx.com\/nota\/wp-json\/wp\/v2\/types\/post"}],"author":[{"embeddable":true,"href":"https:\/\/radiowebmx.com\/nota\/wp-json\/wp\/v2\/users\/1"}],"replies":[{"embeddable":true,"href":"https:\/\/radiowebmx.com\/nota\/wp-json\/wp\/v2\/comments?post=14198"}],"version-history":[{"count":1,"href":"https:\/\/radiowebmx.com\/nota\/wp-json\/wp\/v2\/posts\/14198\/revisions"}],"predecessor-version":[{"id":14200,"href":"https:\/\/radiowebmx.com\/nota\/wp-json\/wp\/v2\/posts\/14198\/revisions\/14200"}],"wp:featuredmedia":[{"embeddable":true,"href":"https:\/\/radiowebmx.com\/nota\/wp-json\/wp\/v2\/media\/14199"}],"wp:attachment":[{"href":"https:\/\/radiowebmx.com\/nota\/wp-json\/wp\/v2\/media?parent=14198"}],"wp:term":[{"taxonomy":"category","embeddable":true,"href":"https:\/\/radiowebmx.com\/nota\/wp-json\/wp\/v2\/categories?post=14198"},{"taxonomy":"post_tag","embeddable":true,"href":"https:\/\/radiowebmx.com\/nota\/wp-json\/wp\/v2\/tags?post=14198"}],"curies":[{"name":"wp","href":"https:\/\/api.w.org\/{rel}","templated":true}]}}