{"id":14195,"date":"2015-03-27T13:19:05","date_gmt":"2015-03-27T19:19:05","guid":{"rendered":"https:\/\/radiowebmx.com\/nota\/?p=14195"},"modified":"2015-03-27T13:19:05","modified_gmt":"2015-03-27T19:19:05","slug":"el-gobernador-nos-ha-dado-un-respiro-a-los-municipios-con-fondo-estatal-para-infraestructura-coinciden-ediles-de-jiquilpan-y-sahuayo","status":"publish","type":"post","link":"https:\/\/radiowebmx.com\/nota\/el-gobernador-nos-ha-dado-un-respiro-a-los-municipios-con-fondo-estatal-para-infraestructura-coinciden-ediles-de-jiquilpan-y-sahuayo\/","title":{"rendered":"EL GOBERNADOR NOS HA DADO &#8220;UN RESPIRO&#8221; A LOS MUNICIPIOS CON FONDO ESTATAL PARA INFRAESTRUCTURA, COINCIDEN EDILES DE JIQUILPAN Y SAHUAYO"},"content":{"rendered":"<p>Los presidentes municipales de Sahuayo y Jiquilpan, Francisco S\u00e1nchez S\u00e1nchez y Jos\u00e9 Francisco \u00c1lvarez Cort\u00e9s, respectivamente, coincidieron en que con los 450 millones de pesos que el gobernador Salvador Jara Guerrero anunci\u00f3 destinar\u00e1 dentro del Fondo Estatal para Infraestructura de los Servicios P\u00fablicos Municipales, los ayuntamientos tienen un &#8220;respiro&#8221; econ\u00f3mico para poder resolver parte de las necesidades en sus localidades.<\/p>\n<p>Durante la gira de trabajo del gobernador Jara Guerrero por la Ci\u00e9naga de Chapala, en que el mandatario estatal inaugur\u00f3 el Centro de Salud de Sahuayo, despu\u00e9s de tiempo de permanecer solo como un proyecto, los ediles festejaron que con el respaldo del Gobierno del Estado y con el apoyo de la Federaci\u00f3n, se hagan realidad acciones de impacto regional, ya que adem\u00e1s de este importante espacio para la salud, se moderniza la carretera que conecta a la Jiquilpan y Sahuayo con la zona occidente, lo que favorece la comercializaci\u00f3n de granos y otros productos.<\/p>\n<p>En ese tenor, el mun\u00edcipe sahuayanse extern\u00f3 que en estos \u00faltimos meses que restan a las administraciones locales, &#8220;que lleguen estos apoyos es muestra de que el compromiso del gobernador Salvador Jara con los municipios contin\u00faa&#8221; y conf\u00edo en que con la conjunci\u00f3n de esfuerzos de los tres \u00f3rdenes de gobierno, sea posible que esta cuenca recupere su vocaci\u00f3n lechera y de producci\u00f3n de granos, para reposicionarse en el contexto nacional.<\/p>\n<p>&#8220;En la regi\u00f3n se respira tranquilidad y ese gran apoyo que ha dado a todos los sahuayanses; esperamos que nos d\u00e9 la buena noticia de que nuestro campo puede volver a hacer de los principales generadores de granos a nivel nacional&#8221;, manifest\u00f3 el edil al gobernador.<\/p>\n<p>Al respecto, Salvador Jara mencion\u00f3 que no puede desperdiciarse ni un minuto de trabajo por Michoac\u00e1n; resalt\u00f3 que se ha avanzado mucho en el transcurso del \u00faltimo a\u00f1o, despu\u00e9s de que por mucho tiempo atr\u00e1s el estado sufri\u00f3 una ca\u00edda en lo econ\u00f3mico y social de la cual &#8220;nos estamos recuperando, pero la f\u00f3rmula es que trabajemos juntos, el juego se llama todos ponen, cumplir con nuestras obligaciones para ejercer nuestros derechos&#8221;.<\/p>\n<p>Aprovechando la inauguraci\u00f3n del nuevo Centro de Salud, el jefe del Ejecutivo estatal destac\u00f3 que en cuesti\u00f3n de salubridad, el trabajo de recuperaci\u00f3n empieza en la prevenci\u00f3n, en que como familias tengamos h\u00e1bitos equilibrados, porque tambi\u00e9n en salud, todos tenemos que contribuir.<\/p>\n<p><b>DE M\u00c1S DE 38 MIL HABITANTES, EL IMPACTO DEL NUEVO CENTRO DE SALUD<\/b><\/p>\n<p>En el marco de la inauguraci\u00f3n del nuevo Centro de atenci\u00f3n m\u00e9dica de primer nivel en Sahuayo, el secretario de Salud del estado, Carlos Aranza Doniz, resalt\u00f3 que en esta \u00e9poca resulta fundamental contar con un espacio en que se brinden servicios dignos y habl\u00f3 de c\u00f3mo por mucho tiempo estas instalaciones se mantuvieron en obra negra, pero al ser concluidas y ponerlas a operar en beneficio de los 38 mil 400 habitantes que comprende la poblaci\u00f3n influencia, tambi\u00e9n se transforma la imagen de Michoac\u00e1n.<\/p>\n<p>Con una inversi\u00f3n de 15.2 millones de pesos, 12.2 en la obra civil y 3 millones de pesos en equipamiento, este Centro de Salud cuenta con seis consultorios m\u00e9dicos y un odontol\u00f3gico, sala de curaciones, sala de detecci\u00f3n oportuna de c\u00e1ncer, estancia corta para hombres y para mujeres, sala de estimulaci\u00f3n temprana, sala de hidrataci\u00f3n oral, CEYE (Central de Equipos y Esterilizaci\u00f3n), archivo cl\u00ednico, farmacia, sala de espera y \u00e1rea administrativa.<\/p>\n<p>El titular de la SSM asegur\u00f3 que conforme la instrucci\u00f3n del gobernador Salvador Jara, se trabaja hasta el \u00faltimo minuto de administraci\u00f3n para acercar beneficios a los michoacanos, por ello, actualmente estudian el presupuesto que se requiere para concluir la Unidad Materno-Infantil y la Oftalmol\u00f3gica del Hospital General Regional &#8220;L\u00e1zaro C\u00e1rdenas&#8221; de Jiquilpan, \u00e1reas que actualmente presentan un 70 por ciento de avance y es necesario poner en operaci\u00f3n, ya que este nosocomio tiene una poblaci\u00f3n influencia de m\u00e1s de 100 mil habitantes de municipios de esta regi\u00f3n e incluso de localidades vecinas del estado de Jalisco.<\/p>\n","protected":false},"excerpt":{"rendered":"<p>Los presidentes municipales de Sahuayo y Jiquilpan, Francisco S\u00e1nchez S\u00e1nchez y Jos\u00e9 Francisco \u00c1lvarez Cort\u00e9s, respectivamente, coincidieron en que con los 450 millones de pesos que el gobernador Salvador Jara Guerrero anunci\u00f3 destinar\u00e1 dentro del Fondo Estatal para Infraestructura de los Servicios P\u00fablicos Municipales, <\/p>\n","protected":false},"author":1,"featured_media":14196,"comment_status":"open","ping_status":"open","sticky":false,"template":"","format":"standard","meta":{"footnotes":""},"categories":[14,3],"tags":[],"class_list":["post-14195","post","type-post","status-publish","format-standard","has-post-thumbnail","hentry","category-destacadas","category-gobierno-del-estado-de-michoacan"],"_links":{"self":[{"href":"https:\/\/radiowebmx.com\/nota\/wp-json\/wp\/v2\/posts\/14195","targetHints":{"allow":["GET"]}}],"collection":[{"href":"https:\/\/radiowebmx.com\/nota\/wp-json\/wp\/v2\/posts"}],"about":[{"href":"https:\/\/radiowebmx.com\/nota\/wp-json\/wp\/v2\/types\/post"}],"author":[{"embeddable":true,"href":"https:\/\/radiowebmx.com\/nota\/wp-json\/wp\/v2\/users\/1"}],"replies":[{"embeddable":true,"href":"https:\/\/radiowebmx.com\/nota\/wp-json\/wp\/v2\/comments?post=14195"}],"version-history":[{"count":1,"href":"https:\/\/radiowebmx.com\/nota\/wp-json\/wp\/v2\/posts\/14195\/revisions"}],"predecessor-version":[{"id":14197,"href":"https:\/\/radiowebmx.com\/nota\/wp-json\/wp\/v2\/posts\/14195\/revisions\/14197"}],"wp:featuredmedia":[{"embeddable":true,"href":"https:\/\/radiowebmx.com\/nota\/wp-json\/wp\/v2\/media\/14196"}],"wp:attachment":[{"href":"https:\/\/radiowebmx.com\/nota\/wp-json\/wp\/v2\/media?parent=14195"}],"wp:term":[{"taxonomy":"category","embeddable":true,"href":"https:\/\/radiowebmx.com\/nota\/wp-json\/wp\/v2\/categories?post=14195"},{"taxonomy":"post_tag","embeddable":true,"href":"https:\/\/radiowebmx.com\/nota\/wp-json\/wp\/v2\/tags?post=14195"}],"curies":[{"name":"wp","href":"https:\/\/api.w.org\/{rel}","templated":true}]}}