{"id":14191,"date":"2015-03-27T13:13:34","date_gmt":"2015-03-27T19:13:34","guid":{"rendered":"https:\/\/radiowebmx.com\/nota\/?p=14191"},"modified":"2015-03-27T13:13:34","modified_gmt":"2015-03-27T19:13:34","slug":"hombres-y-mujeres-debemos-tratarnos-con-la-misma-dignidad-para-acabar-con-la-violencia-sjg","status":"publish","type":"post","link":"https:\/\/radiowebmx.com\/nota\/hombres-y-mujeres-debemos-tratarnos-con-la-misma-dignidad-para-acabar-con-la-violencia-sjg\/","title":{"rendered":"HOMBRES Y MUJERES DEBEMOS TRATARNOS CON LA MISMA DIGNIDAD PARA ACABAR CON LA VIOLENCIA: SJG"},"content":{"rendered":"<p>El gobernador del estado Salvador Jara Guerrero, acompa\u00f1ado de su esposa Catherine Ettinger y de la secretaria de la Mujer, Marisol Aguilar Aguilar, entreg\u00f3 becas econ\u00f3micas para 291 madres jefas de familia de 20 municipios de la regi\u00f3n Ci\u00e9naga de Chapala, donde destac\u00f3 que para acabar con la violencia de g\u00e9nero y formar mejores ciudadanos para el futuro, es menester que hombres y mujeres nos tratemos con la misma dignidad.<\/p>\n<p>Al destacar el papel que en la sociedad contempor\u00e1nea desempe\u00f1a el g\u00e9nero femenino, que ha evolucionado mucho m\u00e1s que los varones en el \u00faltimo siglo, Jara Guerrero manifest\u00f3 que a pesar de que las mujeres trabajan m\u00e1s y cada vez tienen mayor representatividad en esferas de la vida socioecon\u00f3mica, hace falta dar mayor certeza en sus derechos humanos, salarios iguales a los de un hombre y que se les reconozca de mejor manera el doble rol que desempe\u00f1an, al ocupar un puesto laboral y a su vez hacerse cargo del hogar.<\/p>\n<p>Se\u00f1al\u00f3 que en pleno siglo XXI, en muchos pa\u00edses existe el sexismo y es una cuesti\u00f3n cultural de la cual todos somos responsables, &#8220;los pap\u00e1s porque no ponen el ejemplo y las mam\u00e1s porque lo toleran. Necesitamos reconocer que somos diferentes pero socialmente iguales, y debemos repartir el trabajo de manera equitativa; la \u00fanica manera de avanzar es juntos, formar mejores seres humanos y que nuestros hijos no cometan los mismos errores que nosotros&#8221;, apunt\u00f3.<\/p>\n<p>La presidenta del DIF Michoac\u00e1n, Catherine Ettinger Mc Enulty, felicit\u00f3 a las mujeres que este d\u00eda recibieron becas por un monto total de un mill\u00f3n 117 mil 440 pesos, porque\u00a0 solas han sacado adelante a sus hijos, &#8220;el aplauso debe ser para ustedes, madres trabajadoras&#8221;.<\/p>\n<p>Marisol Aguilar, secretaria de la Mujer en la entidad, destac\u00f3 las caracter\u00edsticas de las madres michoacanas: competentes, responsables, tenaces, fieles, seguras, cautas, comprensivas y cumplidoras, pero sobre todo de aquellas que suman el 24.1 por ciento del mill\u00f3n 066 mil 630 hogares que hay en la entidad, donde ellas tienen la jefatura de la familia.<\/p>\n<p>Tambi\u00e9n mencion\u00f3 que las familias encabezadas por michoacanas han demostrado tener grandes fortalezas: son los hogares en donde comienza la igualdad de g\u00e9nero, &#8220;cuando las mujeres somos las jefas de familia, existe mayor equidad en la realizaci\u00f3n de las tareas dom\u00e9sticas y en la repartici\u00f3n del dinero; hay menores \u00edndices de violencia familiar. Las mujeres somos generadoras de paz&#8221;, reiter\u00f3.<\/p>\n<p>Record\u00f3 que el programa para el Desarrollo y la Protecci\u00f3n de las Madres Jefas de Familia del Estado de Michoac\u00e1n, tiene por objetivo contrarrestar las condiciones de vulnerabilidad de las mujeres que por diversas circunstancias tienen a su cargo el dirigir y sostener una familia enfrent\u00e1ndose a la falta de oportunidades para acceder a un empleo, por no tener la capacitaci\u00f3n laboral necesaria ni el tiempo para recibirla, por tener que buscar los medios de solventar las necesidades primordiales de los integrantes de su hogar, que dependen directa y exclusivamente de ella.<\/p>\n<p>Para su operaci\u00f3n, el gobernador Salvador Jara logr\u00f3 gestionar 8 millones 161 mil 800 pesos para el Desarrollo y Protecci\u00f3n de 2 mil 020 familias en el estado;\u00a0 en esta ocasi\u00f3n, se favoreci\u00f3 a 291 jefas de familia de 20 municipios de esta regi\u00f3n: Jiquilpan, Brise\u00f1as, Cotija, Chavinda, Marcos Castellanos, Pajacuar\u00e1n, Cojumatl\u00e1n de R\u00e9gules, Sahuayo, Tangamandapio, Ting\u00fcind\u00edn, Tocumbo, Venustiano Carranza, Villamar, Zamora, La Piedad, Ecuandureo, Ixtl\u00e1n, Tanhuato, Vista Hermosa y Yur\u00e9cuaro.<\/p>\n<p>Fueron testigos de esta entrega, el presidente municipal de Jiquilpan, Jos\u00e9 Francisco \u00c1lvarez Cort\u00e9s;\u00a0 Beatriz Barajas Anguiano, presidenta del DIF Municipal; el diputado federal Salvador Romero Valencia; adem\u00e1s de presidentes municipales de la regi\u00f3n.<\/p>\n","protected":false},"excerpt":{"rendered":"<p>El gobernador del estado Salvador Jara Guerrero, acompa\u00f1ado de su esposa Catherine Ettinger y de la secretaria de la Mujer, Marisol Aguilar Aguilar, entreg\u00f3 becas econ\u00f3micas para 291 madres jefas de familia de 20 municipios de la regi\u00f3n Ci\u00e9naga de Chapala,<\/p>\n","protected":false},"author":1,"featured_media":14192,"comment_status":"open","ping_status":"open","sticky":false,"template":"","format":"standard","meta":{"footnotes":""},"categories":[14,3],"tags":[],"class_list":["post-14191","post","type-post","status-publish","format-standard","has-post-thumbnail","hentry","category-destacadas","category-gobierno-del-estado-de-michoacan"],"_links":{"self":[{"href":"https:\/\/radiowebmx.com\/nota\/wp-json\/wp\/v2\/posts\/14191","targetHints":{"allow":["GET"]}}],"collection":[{"href":"https:\/\/radiowebmx.com\/nota\/wp-json\/wp\/v2\/posts"}],"about":[{"href":"https:\/\/radiowebmx.com\/nota\/wp-json\/wp\/v2\/types\/post"}],"author":[{"embeddable":true,"href":"https:\/\/radiowebmx.com\/nota\/wp-json\/wp\/v2\/users\/1"}],"replies":[{"embeddable":true,"href":"https:\/\/radiowebmx.com\/nota\/wp-json\/wp\/v2\/comments?post=14191"}],"version-history":[{"count":2,"href":"https:\/\/radiowebmx.com\/nota\/wp-json\/wp\/v2\/posts\/14191\/revisions"}],"predecessor-version":[{"id":14194,"href":"https:\/\/radiowebmx.com\/nota\/wp-json\/wp\/v2\/posts\/14191\/revisions\/14194"}],"wp:featuredmedia":[{"embeddable":true,"href":"https:\/\/radiowebmx.com\/nota\/wp-json\/wp\/v2\/media\/14192"}],"wp:attachment":[{"href":"https:\/\/radiowebmx.com\/nota\/wp-json\/wp\/v2\/media?parent=14191"}],"wp:term":[{"taxonomy":"category","embeddable":true,"href":"https:\/\/radiowebmx.com\/nota\/wp-json\/wp\/v2\/categories?post=14191"},{"taxonomy":"post_tag","embeddable":true,"href":"https:\/\/radiowebmx.com\/nota\/wp-json\/wp\/v2\/tags?post=14191"}],"curies":[{"name":"wp","href":"https:\/\/api.w.org\/{rel}","templated":true}]}}