{"id":14181,"date":"2015-03-27T12:51:38","date_gmt":"2015-03-27T18:51:38","guid":{"rendered":"https:\/\/radiowebmx.com\/nota\/?p=14181"},"modified":"2015-03-27T12:51:38","modified_gmt":"2015-03-27T18:51:38","slug":"reunion-de-procuradores-en-morelia-muestra-de-que-con-avances-en-materia-de-seguridad-se-recupera-la-confianza-en-michoacan-sjg","status":"publish","type":"post","link":"https:\/\/radiowebmx.com\/nota\/reunion-de-procuradores-en-morelia-muestra-de-que-con-avances-en-materia-de-seguridad-se-recupera-la-confianza-en-michoacan-sjg\/","title":{"rendered":"REUNI\u00d3N DE PROCURADORES EN MORELIA, MUESTRA DE QUE CON AVANCES EN MATERIA DE SEGURIDAD SE RECUPERA LA CONFIANZA EN MICHOAC\u00c1N: SJG"},"content":{"rendered":"<p>\u201cLa impunidad es probablemente el mayor yerro que puede cometer un Estado\u201d, asever\u00f3 el gobernador Salvador Jara Guerrero al inaugurar la primera sesi\u00f3n ordinaria de la Conferencia de Procuraci\u00f3n de Justicia de la Zona Occidente, donde celebr\u00f3 que la implementaci\u00f3n del Nuevo Sistema de Justicia Penal apunte a un cambio de cultura en el pa\u00eds, en la que se tendr\u00e1 que demostrar con evidencias cient\u00edficas la culpabilidad o inocencia de los imputados.<\/p>\n<p>El mandatario estatal subray\u00f3 que los principios del Nuevo Sistema de Justicia Penal deben ser observados como un ejemplo no s\u00f3lo en el \u00e1mbito del Poder Judicial, sino tambi\u00e9n para la ciudadan\u00eda, \u201cporque tenemos que aprender a no imponer un punto de vista sin evidencia, no s\u00f3lo en materia de justicia, sino tambi\u00e9n en materia pol\u00edtica\u201d.<\/p>\n<p>\u201cAhora que estamos en procesos electorales en varios estados de la Rep\u00fablica, que bueno ser\u00eda que nuestros candidatos no nada m\u00e1s nos quisieran convencer con el dicho, sino con\u00a0 la evidencia; que presentaran, en lo posible, los c\u00f3mos, y que si se acusa, nos presentaran la evidencia, porque tan grave es que un culpable no vaya a la c\u00e1rcel, como castigar a un\u00a0 inocente\u201d, recalc\u00f3.<\/p>\n<p>Agradeci\u00f3 a la Procuradur\u00eda General de la Rep\u00fablica (PGR) haber elegido a Morelia como sede de la sesi\u00f3n ordinaria, a la que asistieron los procuradores y fiscales\u00a0 de la Zona Occidente;\u00a0 Carlos Zamarripa Aguirre, de Guanajuato; Marco Santana Montes, de Colima;\u00a0 Luis Carlos N\u00e1jera Guti\u00e9rrez\u00a0 de Velasco, de Jalisco; Edgar Veytia, de Nayarit;\u00a0 Arsenio Dur\u00e1n Becerra, de Quer\u00e9taro, y Jos\u00e9 Mart\u00edn Godoy Castro, de Michoac\u00e1n.<\/p>\n<p>La presencia de la procuradora General de la Rep\u00fablica\u00a0 Arely G\u00f3mez Gonz\u00e1lez, y de los procuradores y fiscales de la regi\u00f3n, subray\u00f3 Jara Guerrero, es un\u00a0 s\u00edmbolo important\u00edsimo de los avances que estamos teniendo en materia de seguridad, principalmente, pero tambi\u00e9n en otros sectores sociales y econ\u00f3micos de nuestro estado.<\/p>\n<p><b>DEFINICI\u00d3N DE PRINCIPIOS<\/b><\/p>\n<p>Durante el acto inaugural de la primera sesi\u00f3n ordinaria de la Conferencia de Procuraci\u00f3n de Justicia de la Zona Occidente, Arely G\u00f3mez subray\u00f3 que el trabajo realizado por las instituciones de procuraci\u00f3n de justicia debe sustentarse en cuatro ejes transversales: respeto a los derechos humanos, transparencia y rendici\u00f3n de cuentas, vinculaci\u00f3n ciudadana, y una debida implementaci\u00f3n del Nuevo Sistema de Justicia Penal Acusatorio.<\/p>\n<p>\u201cLa realizaci\u00f3n de estos ejes transversales que tambi\u00e9n ocupan a la Conferencia Nacional de Procuraci\u00f3n de Justicia, provocar\u00e1 una renovada relaci\u00f3n con la poblaci\u00f3n\u201d, subray\u00f3 la procuradora, y puntualiz\u00f3 que de esta manera se fortalecer\u00e1 la legitimidad institucional y la confianza ciudadana, que es fundamental para el actuar de las instituciones de procuraci\u00f3n de justicia.<\/p>\n<p>Ante funcionarios de los tres Poderes en Michoac\u00e1n, entre los que se encontraba el presidente del Poder Judicial de Michoac\u00e1n Juan Antonio Maga\u00f1a de la Mora, la titular de la PGR defini\u00f3 algunas l\u00edneas de acci\u00f3n de la Procuradur\u00eda, y convoc\u00f3 a procuradores y fiscales del pa\u00eds a sumarse a estos ejes de trabajo.<\/p>\n<p>En concordancia con el mensaje que en la v\u00edspera dirigi\u00f3 el presidente Enrique Pe\u00f1a Nieto a los mexicanos, G\u00f3mez Gonz\u00e1lez recalc\u00f3 que la PGR est\u00e1 comprometida en\u00a0 garantizar una procuraci\u00f3n de justicia electoral, y por ello, la Fiscal\u00eda Especializada para la Atenci\u00f3n de Delitos Electorales propondr\u00e1 un modelo de coordinaci\u00f3n y operaci\u00f3n que garantice\u00a0 la coordinaci\u00f3n en esos temas con las entidades federativas.<\/p>\n<p>La reforma constitucional en materia penal aprobada en 2008, representa para la procuraci\u00f3n de justicia uno de los mayores retos, y para cumplir a cabalidad con su implementaci\u00f3n, la titular de la PGR defini\u00f3 una agenda de trabajo que incluye la construcci\u00f3n de lineamientos para la aplicaci\u00f3n de criterios de oportunidad, y\u00a0 la aprobaci\u00f3n de un protocolo entre Ministerio P\u00fablico y polic\u00eda que garantice eficacia en la primera intervenci\u00f3n, en las detenciones en flagrancia, en la preservaci\u00f3n y procesamiento del lugar de los hechos o del hallazgo.<\/p>\n<p>A\u00f1adi\u00f3 que tambi\u00e9n se trabajar\u00e1 en la aprobaci\u00f3n de los lineamientos para la capacitaci\u00f3n, evaluaci\u00f3n y calificaci\u00f3n de los facilitadores que tendr\u00e1n en sus manos la delicada funci\u00f3n de la justicia alternativa.<\/p>\n<p>Entre las tareas prioritarias que deber\u00e1 realizar la PGR bajo su direcci\u00f3n, Arely G\u00f3mez Gonz\u00e1lez mencion\u00f3 que se analizar\u00e1n los protocolos de investigaci\u00f3n ministerial, policial y pericial en materia de desaparici\u00f3n forzada y para casos de tortura.<\/p>\n<p>Asimismo, puntualiz\u00f3, la PGR dar\u00e1 seguimiento a los compromisos asumidos en materia de b\u00fasqueda de personas, como la implementaci\u00f3n de la base de datos Ante Mortem y Post Mortem (AM-PM),\u00a0 y la participaci\u00f3n de las instituciones del Ministerio P\u00fablico en la construcci\u00f3n del Plan Nacional de B\u00fasqueda de Personas.<\/p>\n<p>Durante los \u00faltimos a\u00f1os, el robo de hidrocarburos ha cobrado mayor relevancia en las agendas de procuradur\u00edas y fiscal\u00edas. Respecto a este tema, Arely G\u00f3mez\u00a0 subray\u00f3 que se buscar\u00e1 definir los mejores par\u00e1metros de colaboraci\u00f3n con las entidades federativas para lograr un combate m\u00e1s eficaz de este delito.<\/p>\n<p>Finalmente, la procuradora General de la Rep\u00fablica recalc\u00f3 que los fiscales y procuradores de la Zona Occidente enfrentan grandes retos; no obstante, destac\u00f3 que ve un fuerte compromiso por lograr una procuraci\u00f3n de justicia transparente y eficaz, que en todo momento sea respetuosa de los derechos humanos, y que garantice una protecci\u00f3n m\u00e1s amplia a las v\u00edctimas de los delitos\u201d.<\/p>\n<p>Se mostr\u00f3 confiada en que, sobre la base de esos principios, durante la primera sesi\u00f3n ordinaria de la Conferencia de Procuraci\u00f3n de Justicia de la Zona Occidente se lograr\u00e1n construir importantes acuerdos.<\/p>\n<p>En ese sentido, el procurador General de Justicia del Estado de Michoac\u00e1n, Mart\u00edn Godoy Castro, recalc\u00f3 que las jornadas de trabajo que se realizan en Morelia, \u201cdar\u00e1n los resultados que la sociedad nos exige\u201d, y que permitir\u00e1n avanzar en la certeza de alcanzar un M\u00e9xico m\u00e1s justo.<\/p>\n<p>En el acto inaugural de la primera sesi\u00f3n ordinaria de la Conferencia de Procuraci\u00f3n de Justicia de la Zona Occidente, estuvieron presentes; el general Felipe Gurrola Ram\u00edrez, mando especial para la seguridad en Michoac\u00e1n; Jos\u00e9 Francisco Morales Cazares, comandante de la XXI Zona Militar; Eduardo Orihuela Estefan, vicepresidente de la Mesa Directiva del Congreso del Estado; Renato Sales Heredia, coordinador Nacional Antisecuestros, y Salvador Abud Mirabent, presidente municipal de Morelia.<\/p>\n","protected":false},"excerpt":{"rendered":"<p>\u201cLa impunidad es probablemente el mayor yerro que puede cometer un Estado\u201d, asever\u00f3 el gobernador Salvador Jara Guerrero al inaugurar la primera sesi\u00f3n ordinaria de la Conferencia de Procuraci\u00f3n de Justicia de la Zona Occidente,<\/p>\n","protected":false},"author":1,"featured_media":14182,"comment_status":"open","ping_status":"open","sticky":false,"template":"","format":"standard","meta":{"footnotes":""},"categories":[14,3],"tags":[],"class_list":["post-14181","post","type-post","status-publish","format-standard","has-post-thumbnail","hentry","category-destacadas","category-gobierno-del-estado-de-michoacan"],"_links":{"self":[{"href":"https:\/\/radiowebmx.com\/nota\/wp-json\/wp\/v2\/posts\/14181","targetHints":{"allow":["GET"]}}],"collection":[{"href":"https:\/\/radiowebmx.com\/nota\/wp-json\/wp\/v2\/posts"}],"about":[{"href":"https:\/\/radiowebmx.com\/nota\/wp-json\/wp\/v2\/types\/post"}],"author":[{"embeddable":true,"href":"https:\/\/radiowebmx.com\/nota\/wp-json\/wp\/v2\/users\/1"}],"replies":[{"embeddable":true,"href":"https:\/\/radiowebmx.com\/nota\/wp-json\/wp\/v2\/comments?post=14181"}],"version-history":[{"count":1,"href":"https:\/\/radiowebmx.com\/nota\/wp-json\/wp\/v2\/posts\/14181\/revisions"}],"predecessor-version":[{"id":14183,"href":"https:\/\/radiowebmx.com\/nota\/wp-json\/wp\/v2\/posts\/14181\/revisions\/14183"}],"wp:featuredmedia":[{"embeddable":true,"href":"https:\/\/radiowebmx.com\/nota\/wp-json\/wp\/v2\/media\/14182"}],"wp:attachment":[{"href":"https:\/\/radiowebmx.com\/nota\/wp-json\/wp\/v2\/media?parent=14181"}],"wp:term":[{"taxonomy":"category","embeddable":true,"href":"https:\/\/radiowebmx.com\/nota\/wp-json\/wp\/v2\/categories?post=14181"},{"taxonomy":"post_tag","embeddable":true,"href":"https:\/\/radiowebmx.com\/nota\/wp-json\/wp\/v2\/tags?post=14181"}],"curies":[{"name":"wp","href":"https:\/\/api.w.org\/{rel}","templated":true}]}}