{"id":14171,"date":"2015-03-27T11:00:06","date_gmt":"2015-03-27T17:00:06","guid":{"rendered":"https:\/\/radiowebmx.com\/nota\/?p=14171"},"modified":"2015-03-27T11:00:06","modified_gmt":"2015-03-27T17:00:06","slug":"pan-demanda-accion-inmediata-de-federacion-y-gobierno-del-estado-para-evitar-cierre-de-planta-acerera","status":"publish","type":"post","link":"https:\/\/radiowebmx.com\/nota\/pan-demanda-accion-inmediata-de-federacion-y-gobierno-del-estado-para-evitar-cierre-de-planta-acerera\/","title":{"rendered":"PAN demanda acci\u00f3n inmediata de Federaci\u00f3n y Gobierno del Estado para evitar cierre de planta acerera"},"content":{"rendered":"<p>Ante la preocupante p\u00e9rdida de m\u00e1s de 30 mil empleos directos e indirectos en perjuicio de las familias de la regi\u00f3n, el Partido Acci\u00f3n Nacional (PAN), en voz de su presidente estatal, Miguel \u00c1ngel Ch\u00e1vez Zavala, demand\u00f3 a la Federaci\u00f3n y al Gobierno del Estado generar de manera inmediata acciones, esfuerzos as\u00ed como las condiciones que impidan el cierre de la planta acerera ArcelorMittal en el puerto de L\u00e1zaro C\u00e1rdenas.<\/p>\n<p>&nbsp;<\/p>\n<p>\u201cEs lamentable que este cierre se d\u00e9, pero m\u00e1s lamentable ser\u00eda que esta grave situaci\u00f3n no se atendiera con la urgencia e importancia que requiere por parte de las autoridades a nivel federal y estatal, quienes en cierta manera son los responsables de la poca inversi\u00f3n en la entidad; en el caso del gobernador Salvador Jara Guerrero he aqu\u00ed los resultados de sus distracciones en temas pol\u00edticos electorales, y la falta de atenci\u00f3n en los asuntos que verdaderamente le interesan a los michoacanos como el desarrollo econ\u00f3mico y el empleo\u201d, advirti\u00f3.<\/p>\n<p>&nbsp;<\/p>\n<p>Asimismo, luego de que fuentes de la empresa ArcelorMittal dieran a conocer que el paro de dicho centro acerero deriva de la sobreoferta del metal en el pa\u00eds con la entrada libre de la producci\u00f3n rusa y china a menores costos, lament\u00f3 que la Federaci\u00f3n haya propiciado las condiciones adversas para la operaci\u00f3n de la empresa que adem\u00e1s es uno de los principales contribuyentes tributarios para el Estado michoacano, con lo que cuestion\u00f3 los discursos y promesas del Ejecutivo Federal para contrarrestrar la cr\u00edtica situaci\u00f3n de Michoac\u00e1n.<\/p>\n<p>&nbsp;<\/p>\n<p>De igual forma, el dirigente panista destac\u00f3 que es de suma importancia que las autoridades no evadan su responsabilidad para con los michoacanos, toda vez que el menoscabo al desarrollo econ\u00f3mico se da por el descuido de las administraciones estatales que no han trabajado en establecer las condiciones propicias no s\u00f3lo para la inversi\u00f3n sino en general para el bienestar de la ciudadan\u00eda, como lo es la estabilidad social, la seguridad, certeza para las empresas y una comprometida b\u00fasqueda de inversionistas.<\/p>\n<p>&nbsp;<\/p>\n<p>\u201cLa falta de empleo, junto con la seguridad y el tema educativo son los asuntos m\u00e1s sensibles para los michoacanos, y el gobierno est\u00e1 obligado sin pretexto alguno a establecer las condiciones de seguridad, paz social, Estado de Derecho y que impere la legalidad para que los inversionistas volteen a Michoac\u00e1n como una alternativa para generar una econom\u00eda sana en el estado, sin embargo vemos como continuamente las calles son invadidas por protestas y movilizaci\u00f3n de grupos radicales que ahuyentan a las empresas\u201d, remarc\u00f3.<\/p>\n<p>&nbsp;<\/p>\n<p>Finalmente, el l\u00edder albiazul reproch\u00f3 que la apat\u00eda y falta de compromiso de las autoridades impida que los michoacanos, a pesar de ser gente muy trabajadora y con una enorme capacidad no tenga las alternativas para desarrollarse por la falta de oportunidades de empleo, sobre todo en la regi\u00f3n de la Costa y Tierra Caliente.<\/p>\n","protected":false},"excerpt":{"rendered":"<p>Ante la preocupante p\u00e9rdida de m\u00e1s de 30 mil empleos directos e indirectos en perjuicio de las familias de la regi\u00f3n, el Partido Acci\u00f3n Nacional (PAN), en voz de su presidente estatal, Miguel \u00c1ngel Ch\u00e1vez Zavala, demand\u00f3 a la Federaci\u00f3n y al Gobierno del Estado generar de manera inmediata acciones,<\/p>\n","protected":false},"author":1,"featured_media":14172,"comment_status":"open","ping_status":"open","sticky":false,"template":"","format":"standard","meta":{"footnotes":""},"categories":[4,13,11],"tags":[],"class_list":["post-14171","post","type-post","status-publish","format-standard","has-post-thumbnail","hentry","category-columnistas","category-pan","category-partidos-politicos"],"_links":{"self":[{"href":"https:\/\/radiowebmx.com\/nota\/wp-json\/wp\/v2\/posts\/14171","targetHints":{"allow":["GET"]}}],"collection":[{"href":"https:\/\/radiowebmx.com\/nota\/wp-json\/wp\/v2\/posts"}],"about":[{"href":"https:\/\/radiowebmx.com\/nota\/wp-json\/wp\/v2\/types\/post"}],"author":[{"embeddable":true,"href":"https:\/\/radiowebmx.com\/nota\/wp-json\/wp\/v2\/users\/1"}],"replies":[{"embeddable":true,"href":"https:\/\/radiowebmx.com\/nota\/wp-json\/wp\/v2\/comments?post=14171"}],"version-history":[{"count":1,"href":"https:\/\/radiowebmx.com\/nota\/wp-json\/wp\/v2\/posts\/14171\/revisions"}],"predecessor-version":[{"id":14173,"href":"https:\/\/radiowebmx.com\/nota\/wp-json\/wp\/v2\/posts\/14171\/revisions\/14173"}],"wp:featuredmedia":[{"embeddable":true,"href":"https:\/\/radiowebmx.com\/nota\/wp-json\/wp\/v2\/media\/14172"}],"wp:attachment":[{"href":"https:\/\/radiowebmx.com\/nota\/wp-json\/wp\/v2\/media?parent=14171"}],"wp:term":[{"taxonomy":"category","embeddable":true,"href":"https:\/\/radiowebmx.com\/nota\/wp-json\/wp\/v2\/categories?post=14171"},{"taxonomy":"post_tag","embeddable":true,"href":"https:\/\/radiowebmx.com\/nota\/wp-json\/wp\/v2\/tags?post=14171"}],"curies":[{"name":"wp","href":"https:\/\/api.w.org\/{rel}","templated":true}]}}