{"id":14163,"date":"2015-03-26T11:42:39","date_gmt":"2015-03-26T17:42:39","guid":{"rendered":"https:\/\/radiowebmx.com\/nota\/?p=14163"},"modified":"2015-03-26T11:42:39","modified_gmt":"2015-03-26T17:42:39","slug":"manana-se-normaliza-la-imparticion-de-clases-en-la-primaria-isaac-arriaga","status":"publish","type":"post","link":"https:\/\/radiowebmx.com\/nota\/manana-se-normaliza-la-imparticion-de-clases-en-la-primaria-isaac-arriaga\/","title":{"rendered":"MA\u00d1ANA SE NORMALIZA LA IMPARTICI\u00d3N DE CLASES EN LA PRIMARIA ISAAC ARRIAGA"},"content":{"rendered":"<p>Luego de una reuni\u00f3n entre Armando Sep\u00falveda L\u00f3pez, secretario de Educaci\u00f3n en el estado, padres de familia y directivos de la Escuela Primaria \u201cIsaac Arriaga\u201d, as\u00ed como representantes de organizaciones civiles y dependencias del gobierno estatal, se acord\u00f3 por unanimidad privilegiar el regreso a clase en dicho centro escolar este jueves.<\/p>\n<p>&nbsp;<\/p>\n<p>En el marco de la reuni\u00f3n, se pusieron sobre la mesa cuatro puntos de acuerdo: la normalizaci\u00f3n del servicio educativo; la instalaci\u00f3n de una ventanilla especial para la atenci\u00f3n de quejas y denuncias sobre casos espec\u00edficos al interior del plantel; equipo de apoyo para garantizar el cumplimiento de los contenidos pedag\u00f3gicos y; el compromiso de no suspender clase para cumplir con el calendario escolar.<\/p>\n<p>&nbsp;<\/p>\n<p>Adem\u00e1s de un comit\u00e9 de padres de familia, estuvieron presentes en la reuni\u00f3n, Claudia D\u00edaz Gonz\u00e1lez, representante de la Fundaci\u00f3n Ciudadana para el Desarrollo Integral de Michoac\u00e1n (Fucidim); Amauri L\u00f3pez Calder\u00f3n, asistente acad\u00e9mico de rector\u00eda de Universidad Latina de Am\u00e9rica; Jaime P\u00e9rez Torres, visitador de la Comisi\u00f3n Estatal de Derechos Humanos; Erik Avil\u00e9s Mart\u00ednez, director de Mexicanos Primero en Michoac\u00e1n A.C.; Carlos Gonz\u00e1lez Vel\u00e1zquez, coordinador de la Contralor\u00eda del Estado; Iv\u00e1n Fernando Barrales Alc\u00e1ntara, coordinador para el Acceso a la Informaci\u00f3n P\u00fablica de la Secretar\u00eda de Educaci\u00f3n; Tania Leal Tapia, jefa del Departamento Jur\u00eddico del Instituto para la Transparencia y Acceso a la Informaci\u00f3n P\u00fablica del Estado de Michoac\u00e1n (Itaimich).<\/p>\n<p>El titular de la Secretar\u00eda de Educaci\u00f3n, destac\u00f3 que es imprescindible que los alumnos de la Escuela Primaria \u201cIsaac Arriaga\u201d, regresen en su totalidad a clase y destac\u00f3 que el gobierno encabezado por Salvador Jara Guerrero, se mantiene abierto al di\u00e1logo, por lo que ofreci\u00f3 trabajar para solucionar los conflictos particulares que se han suscitado en el plantel.<\/p>\n<p>En su oportunidad, Benito Jacinto Loeza, director de la Escuela \u201cIsaac Arriaga\u201d, se comprometi\u00f3 a ser mediador y llegar a acuerdos privilegiando el bienestar de los estudiantes; \u201ctrabajaremos para garantizar los contenidos, para que se cumplan las metas de ense\u00f1anza y que se cumpla el calendario escolar\u201d.<\/p>\n<p>Durante su participaci\u00f3n en la reuni\u00f3n, Erik Avil\u00e9s Mart\u00ednez, director de Mexicanos Primero en la entidad, destac\u00f3 que el bien mayor es la educaci\u00f3n de los estudiantes por lo que hizo un exhorto a las partes en conflicto a dejar de lado intereses personales.<\/p>\n<p>Adem\u00e1s celebr\u00f3 \u201cque se ponga al centro el inter\u00e9s principal que es la educaci\u00f3n de los ni\u00f1os\u201d, con mesas de di\u00e1logo como la organizada este mi\u00e9rcoles.<\/p>\n<p>Durante el encuentro, Juan Otilio Sandoval Perea, subsecretario de Educaci\u00f3n B\u00e1sica, afirm\u00f3 que se establecer\u00e1 un mecanismo para atender las denuncias que se presenten en torno al caso de la escuela primaria.<\/p>\n<p>Los presentes coincidieron en privilegiar el regreso a clase y buscar la normalidad del servicio educativo.<\/p>\n","protected":false},"excerpt":{"rendered":"<p>Luego de una reuni\u00f3n entre Armando Sep\u00falveda L\u00f3pez, secretario de Educaci\u00f3n en el estado, padres de familia y directivos de la Escuela Primaria \u201cIsaac Arriaga\u201d, as\u00ed como representantes de organizaciones civiles y dependencias del gobierno estatal, se acord\u00f3 por unanimidad privilegiar el regreso a clase en dicho centro escolar este jueves.<\/p>\n","protected":false},"author":1,"featured_media":14166,"comment_status":"open","ping_status":"open","sticky":false,"template":"","format":"standard","meta":{"footnotes":""},"categories":[14,3],"tags":[],"class_list":["post-14163","post","type-post","status-publish","format-standard","has-post-thumbnail","hentry","category-destacadas","category-gobierno-del-estado-de-michoacan"],"_links":{"self":[{"href":"https:\/\/radiowebmx.com\/nota\/wp-json\/wp\/v2\/posts\/14163","targetHints":{"allow":["GET"]}}],"collection":[{"href":"https:\/\/radiowebmx.com\/nota\/wp-json\/wp\/v2\/posts"}],"about":[{"href":"https:\/\/radiowebmx.com\/nota\/wp-json\/wp\/v2\/types\/post"}],"author":[{"embeddable":true,"href":"https:\/\/radiowebmx.com\/nota\/wp-json\/wp\/v2\/users\/1"}],"replies":[{"embeddable":true,"href":"https:\/\/radiowebmx.com\/nota\/wp-json\/wp\/v2\/comments?post=14163"}],"version-history":[{"count":2,"href":"https:\/\/radiowebmx.com\/nota\/wp-json\/wp\/v2\/posts\/14163\/revisions"}],"predecessor-version":[{"id":14165,"href":"https:\/\/radiowebmx.com\/nota\/wp-json\/wp\/v2\/posts\/14163\/revisions\/14165"}],"wp:featuredmedia":[{"embeddable":true,"href":"https:\/\/radiowebmx.com\/nota\/wp-json\/wp\/v2\/media\/14166"}],"wp:attachment":[{"href":"https:\/\/radiowebmx.com\/nota\/wp-json\/wp\/v2\/media?parent=14163"}],"wp:term":[{"taxonomy":"category","embeddable":true,"href":"https:\/\/radiowebmx.com\/nota\/wp-json\/wp\/v2\/categories?post=14163"},{"taxonomy":"post_tag","embeddable":true,"href":"https:\/\/radiowebmx.com\/nota\/wp-json\/wp\/v2\/tags?post=14163"}],"curies":[{"name":"wp","href":"https:\/\/api.w.org\/{rel}","templated":true}]}}