{"id":14149,"date":"2015-03-26T11:28:19","date_gmt":"2015-03-26T17:28:19","guid":{"rendered":"https:\/\/radiowebmx.com\/nota\/?p=14149"},"modified":"2015-03-26T11:28:19","modified_gmt":"2015-03-26T17:28:19","slug":"profesionalizar-los-servicios-municipales-una-obligacion-del-ayuntamiento-abud","status":"publish","type":"post","link":"https:\/\/radiowebmx.com\/nota\/profesionalizar-los-servicios-municipales-una-obligacion-del-ayuntamiento-abud\/","title":{"rendered":"Profesionalizar los servicios municipales,  una obligaci\u00f3n del Ayuntamiento: Abud"},"content":{"rendered":"<p>Es indispensable cumplir con los lineamientos de la Ley Org\u00e1nica, respecto a la Profesionalizaci\u00f3n de los Servicios P\u00fablicos Municipales, y\u00a0 mantener una conducta de prevenci\u00f3n de contingencias, impulsada desde las instituciones del poder p\u00fablico, consider\u00f3 Salvador Abud Mirabent, presidente municipal de Morelia.<\/p>\n<p>&nbsp;<\/p>\n<p>En el marco de la reuni\u00f3n con presidentes municipales, efectuada en las instalaciones del Centro de Desarrollo Municipal (Cedemun), y la presentaci\u00f3n del Programa del Fondo Estatal para Infraestructura de Servicios P\u00fablicos Municipales, el alcalde moreliano reconoci\u00f3 que los ciudadanos esperan de sus gobiernos locales efectividad y certidumbre, por lo cual reconoci\u00f3 el trabajo de los ediles michoacanos para sumarse a la mesa de trabajo y la disposici\u00f3n de la administraci\u00f3n estatal de unir esfuerzos.<\/p>\n<p>&nbsp;<\/p>\n<p>\u201cEsperamos que esta coyuntura sea el inicio de un trabajo intermunicipal efectivo, de una agenda p\u00fablica michoacana propositiva y de una coordinaci\u00f3n entre los \u00f3rdenes de gobierno, renovada, madura y capaz de enfrentar con \u00e9xito, muchas otras \u00e1reas que merecen nuestra atenci\u00f3n\u201d, coment\u00f3 Abud Mirabent.<\/p>\n<p>&nbsp;<\/p>\n<p>Asimismo, indic\u00f3 que la coordinaci\u00f3n entre la autoridad local y estatal debe tender un puente hacia la construcci\u00f3n de entornos ordenados y funcionales, a fin de acercar a los ciudadanos m\u00e1s servicios de luz, alcantarillado, pavimentaci\u00f3n y limpia a todos los hogares, a todas las familias, como condici\u00f3n del bienestar social y de la prosperidad de las zonas rurales y marginadas.<\/p>\n<p>&nbsp;<\/p>\n<p>Durante el encuentro, manifest\u00f3 que la gobernanza en la entidad implica pasar de la gobernabilidad como respuesta institucional de control, a un estadio superior, s\u00f3lido y maduro que permita atender las necesidades comunales de manera estructural y ordenada, y que sea capaz tambi\u00e9n de prevenir eventualidades con eficacia y a tiempo.<\/p>\n<p>&nbsp;<\/p>\n<p>Por ello, reconoci\u00f3 que el \u00e9xito la labor municipal recae en el compromiso de sumar voluntades con el ejemplo, adem\u00e1s de propagar agilidad de gesti\u00f3n de las municipalidades y aunar actitudes ciudadanas en la\u00a0 prevenci\u00f3n de contingencias.<\/p>\n<p>&nbsp;<\/p>\n<p>Los recursos que ser\u00e1n destinados a los municipios podr\u00e1n aplicarse a la ejecuci\u00f3n de obras de prevenci\u00f3n de la temporada de lluvias que se avecina, y evitar los riesgos de las contingencias climatol\u00f3gicas y con caracter\u00edsticas at\u00edpicas como la que se suscitaron en las semanas pasadas, con el trabajo coordinado con Protecci\u00f3n Civil en las localidades, campa\u00f1as de limpieza de residuos en los r\u00edos, calles y arterias viales, desazolve de alcantarillas.<\/p>\n<p>&nbsp;<\/p>\n<p>La reuni\u00f3n fue presidida por Salvador Jara Guerrero, gobernador de Michoac\u00e1n; Jaime Mares Camarena, vocal ejecutivo del Cedemun; Jaime Esparza Cortina, secretario de Gobierno estatal; y\u00a0Miguel L\u00f3pez Miranda, secretario de Finanzas y Administraci\u00f3n de la entidad.<\/p>\n","protected":false},"excerpt":{"rendered":"<p>Es indispensable cumplir con los lineamientos de la Ley Org\u00e1nica, respecto a la Profesionalizaci\u00f3n de los Servicios P\u00fablicos Municipales, y  mantener una conducta de prevenci\u00f3n de contingencias, impulsada desde las instituciones del poder p\u00fablico, consider\u00f3 Salvador Abud Mirabent, presidente municipal de Morelia.<\/p>\n","protected":false},"author":1,"featured_media":14150,"comment_status":"open","ping_status":"open","sticky":false,"template":"","format":"standard","meta":{"footnotes":""},"categories":[14,9],"tags":[],"class_list":["post-14149","post","type-post","status-publish","format-standard","has-post-thumbnail","hentry","category-destacadas","category-morelia"],"_links":{"self":[{"href":"https:\/\/radiowebmx.com\/nota\/wp-json\/wp\/v2\/posts\/14149","targetHints":{"allow":["GET"]}}],"collection":[{"href":"https:\/\/radiowebmx.com\/nota\/wp-json\/wp\/v2\/posts"}],"about":[{"href":"https:\/\/radiowebmx.com\/nota\/wp-json\/wp\/v2\/types\/post"}],"author":[{"embeddable":true,"href":"https:\/\/radiowebmx.com\/nota\/wp-json\/wp\/v2\/users\/1"}],"replies":[{"embeddable":true,"href":"https:\/\/radiowebmx.com\/nota\/wp-json\/wp\/v2\/comments?post=14149"}],"version-history":[{"count":2,"href":"https:\/\/radiowebmx.com\/nota\/wp-json\/wp\/v2\/posts\/14149\/revisions"}],"predecessor-version":[{"id":14152,"href":"https:\/\/radiowebmx.com\/nota\/wp-json\/wp\/v2\/posts\/14149\/revisions\/14152"}],"wp:featuredmedia":[{"embeddable":true,"href":"https:\/\/radiowebmx.com\/nota\/wp-json\/wp\/v2\/media\/14150"}],"wp:attachment":[{"href":"https:\/\/radiowebmx.com\/nota\/wp-json\/wp\/v2\/media?parent=14149"}],"wp:term":[{"taxonomy":"category","embeddable":true,"href":"https:\/\/radiowebmx.com\/nota\/wp-json\/wp\/v2\/categories?post=14149"},{"taxonomy":"post_tag","embeddable":true,"href":"https:\/\/radiowebmx.com\/nota\/wp-json\/wp\/v2\/tags?post=14149"}],"curies":[{"name":"wp","href":"https:\/\/api.w.org\/{rel}","templated":true}]}}