{"id":14132,"date":"2015-03-26T10:51:02","date_gmt":"2015-03-26T16:51:02","guid":{"rendered":"https:\/\/radiowebmx.com\/nota\/?p=14132"},"modified":"2015-03-26T10:51:02","modified_gmt":"2015-03-26T16:51:02","slug":"por-concluir-primer-periodo-limite-para-que-ejecutivo-estatal-informe-sobre-reestructuracion-de-deuda-gaby-ceballos","status":"publish","type":"post","link":"https:\/\/radiowebmx.com\/nota\/por-concluir-primer-periodo-limite-para-que-ejecutivo-estatal-informe-sobre-reestructuracion-de-deuda-gaby-ceballos\/","title":{"rendered":"Por concluir primer periodo l\u00edmite para que Ejecutivo Estatal informe sobre reestructuraci\u00f3n de deuda: Gaby Ceballos"},"content":{"rendered":"<p>A pocos d\u00edas de que concluya el primer trimestre del a\u00f1o, periodo l\u00edmite que tiene el Poder Ejecutivo para informar al Congreso del Estado sobre todos los actos jur\u00eddicos, operaciones, as\u00ed como contratos y acciones realizadas en torno a la reestructuraci\u00f3n de la deuda p\u00fablica de Michoac\u00e1n, la diputada Gabriela Ceballos Hern\u00e1ndez hace un llamado al Gobierno de la Entidad para que a la brevedad posible haga llegar dicha informaci\u00f3n al legislativo para transparentar la situaci\u00f3n financiera del Estado.<\/p>\n<p>La legisladora integrante de la Comisi\u00f3n de Hacienda y Deuda P\u00fablica del Poder Legislativo en la entidad, resalt\u00f3 que el pasado mes de noviembre la Septuag\u00e9sima Segunda Legislatura aprob\u00f3 por mayor\u00eda autorizar al Ejecutivo para que a trav\u00e9s de la Secretar\u00eda de Finanzas y Administraci\u00f3n, reestructure, refinancie o modifique los montos de los empr\u00e9stitos, siempre y cuanto no rebase la cantidad de nueve mil millones 98 mil 239 pesos, cifra autorizada en el Decreto 22 por el Congreso del Estado de Michoac\u00e1n, aprobado por el mismo y publicado en el 2012.<\/p>\n<p>En este tenor, la parlamentaria albiazul enfatiz\u00f3 que dicha aprobaci\u00f3n condicionaba al Gobierno del Estado en el art\u00edculo quinto del decreto, para que a trav\u00e9s de la Secretar\u00eda de Finanzas informe trimestralmente al Legislativo sobre los t\u00e9rminos y condiciones, en las que finalmente fueron realizados los movimientos con las instituciones bancarias, \u201ca fin de conocer y dar transparencia de la situaci\u00f3n econ\u00f3mica del Estado, como parte de la obligaci\u00f3n que tiene con el mismo Congreso, pero sobre todo con los michoacanos\u201d, enfatiz\u00f3.<\/p>\n<p>Asimismo, Ceballos Hern\u00e1ndez destac\u00f3 que\u00a0 aun cuando no se hubiera estipulado en el dictamen, el Gobierno tiene la responsabilidad de informar, transparentar y rendir cuentas de los recursos p\u00fablicos del Estado, \u201cespero que una vez cumplido el plazo no se demore la llegada del informe, y con ello podamos conocer cu\u00e1l es la situaci\u00f3n financiera de Michoac\u00e1n para que los ciudadanos sepan en qu\u00e9 condiciones se encuentra la deuda\u201d, se\u00f1al\u00f3.<\/p>\n<p>Finalmente, Ceballos Hern\u00e1ndez dijo que como integrante de la actual legislatura, y como miembro de la Comisi\u00f3n de Hacienda y Deuda P\u00fablica, estar\u00e1 al pendiente de los \u00faltimos movimientos financieros, \u201cno bajaremos la guardia y estaremos atentos de que los recursos p\u00fablicos de los michoacanos no se vean m\u00e1s lastimados y afectados, sino que pronto se logre encaminar y enderezar el rumbo financiero del Estado, con esta nueva administraci\u00f3n que encabeza\u201d, concluy\u00f3.<\/p>\n","protected":false},"excerpt":{"rendered":"<p>A pocos d\u00edas de que concluya el primer trimestre del a\u00f1o, periodo l\u00edmite que tiene el Poder Ejecutivo para informar al Congreso del Estado sobre todos los actos jur\u00eddicos, operaciones, as\u00ed como contratos y acciones realizadas en torno a la reestructuraci\u00f3n de la deuda p\u00fablica de Michoac\u00e1n,<\/p>\n","protected":false},"author":1,"featured_media":14133,"comment_status":"open","ping_status":"open","sticky":false,"template":"","format":"standard","meta":{"footnotes":""},"categories":[6,14,8],"tags":[],"class_list":["post-14132","post","type-post","status-publish","format-standard","has-post-thumbnail","hentry","category-congreso-del-estado","category-destacadas","category-grupo-parlamentario-del-pan"],"_links":{"self":[{"href":"https:\/\/radiowebmx.com\/nota\/wp-json\/wp\/v2\/posts\/14132","targetHints":{"allow":["GET"]}}],"collection":[{"href":"https:\/\/radiowebmx.com\/nota\/wp-json\/wp\/v2\/posts"}],"about":[{"href":"https:\/\/radiowebmx.com\/nota\/wp-json\/wp\/v2\/types\/post"}],"author":[{"embeddable":true,"href":"https:\/\/radiowebmx.com\/nota\/wp-json\/wp\/v2\/users\/1"}],"replies":[{"embeddable":true,"href":"https:\/\/radiowebmx.com\/nota\/wp-json\/wp\/v2\/comments?post=14132"}],"version-history":[{"count":1,"href":"https:\/\/radiowebmx.com\/nota\/wp-json\/wp\/v2\/posts\/14132\/revisions"}],"predecessor-version":[{"id":14134,"href":"https:\/\/radiowebmx.com\/nota\/wp-json\/wp\/v2\/posts\/14132\/revisions\/14134"}],"wp:featuredmedia":[{"embeddable":true,"href":"https:\/\/radiowebmx.com\/nota\/wp-json\/wp\/v2\/media\/14133"}],"wp:attachment":[{"href":"https:\/\/radiowebmx.com\/nota\/wp-json\/wp\/v2\/media?parent=14132"}],"wp:term":[{"taxonomy":"category","embeddable":true,"href":"https:\/\/radiowebmx.com\/nota\/wp-json\/wp\/v2\/categories?post=14132"},{"taxonomy":"post_tag","embeddable":true,"href":"https:\/\/radiowebmx.com\/nota\/wp-json\/wp\/v2\/tags?post=14132"}],"curies":[{"name":"wp","href":"https:\/\/api.w.org\/{rel}","templated":true}]}}