{"id":14125,"date":"2015-03-25T11:33:22","date_gmt":"2015-03-25T17:33:22","guid":{"rendered":"https:\/\/radiowebmx.com\/nota\/?p=14125"},"modified":"2015-03-25T11:33:22","modified_gmt":"2015-03-25T17:33:22","slug":"son-las-mujeres-las-que-ayudaran-a-recuperar-la-paz-en-michoacan-afirma-salvador-jara-guerrero","status":"publish","type":"post","link":"https:\/\/radiowebmx.com\/nota\/son-las-mujeres-las-que-ayudaran-a-recuperar-la-paz-en-michoacan-afirma-salvador-jara-guerrero\/","title":{"rendered":"SON LAS MUJERES LAS QUE AYUDAR\u00c1N A RECUPERAR LA PAZ EN MICHOAC\u00c1N, AFIRMA SALVADOR JARA GUERRERO"},"content":{"rendered":"<p>El gobernador Salvador Jara Guerrero afirm\u00f3 que las mujeres michoacanas deben ser admiradas por el gran trabajo que realizan en favor de nuestro estado, \u201cporque son ellas las que nos ayudar\u00e1n a recuperar la paz&#8221;.<\/p>\n<p>Durante la entrega de becas del Programa para el Desarrollo y Protecci\u00f3n de las Madres Jefas de Familia de Michoac\u00e1n, Jara Guerrero recalc\u00f3 que la mujer a\u00fan enfrenta una marcada desigualdad en cuanto a la remuneraci\u00f3n del trabajo, puesto que obtienen salarios menores pese a que trabajan hasta 50 por ciento m\u00e1s que los varones, por lo que llam\u00f3 a los hombres a ser m\u00e1s justos con ellas para tener grandes mujeres, como las que requiere la entidad.<\/p>\n<p>La secretaria de la Mujer, Marisol Aguilar Aguilar, inform\u00f3 que gracias a las gestiones del gobernador se lograron obtener 7 millones 756 mil 800 pesos para la puesta en marcha de este programa en el que participan los gobiernos federal y estatal.<\/p>\n<p>A\u00f1adi\u00f3 que gracias a dichas gestiones se logr\u00f3 incrementar el monto de la beca que se otorga a cada jefa de familia, y se duplic\u00f3 el padr\u00f3n de beneficiarias, que actualmente est\u00e1 integrado por 2 mil 020 mujeres de 111 municipios.<\/p>\n<p>Este programa es de gran relevancia para Michoac\u00e1n, recalc\u00f3 Marisol Aguilar, toda vez que en el estado el 24 por ciento de un mill\u00f3n de hogares tienen jefatura femenina. Afirm\u00f3 que en este tipo de familias comienza a formarse la cultura de la equidad, adem\u00e1s de que en ellas \u00a0hay menos \u00edndices de violencia intrafamiliar, porque &#8220;las mujeres somos generadoras de paz&#8221;.<\/p>\n<p>Por lo anterior, el mandatario estatal convoc\u00f3 a hacer una gran alianza social que vele por el desarrollo y avance de la mujer, y para que la pr\u00f3xima administraci\u00f3n estatal \u201cno se eche\u201d para atr\u00e1s en las pol\u00edticas con perspectiva de g\u00e9nero; \u00a0\u201ctenemos que ser iguales, reconociendo que somos diferentes\u201d, expres\u00f3.<\/p>\n<p>El Programa para el Desarrollo y Protecci\u00f3n de las Madres Jefas de Familia, pretende contrarrestar las condiciones de vulnerabilidad en hogares encabezados por mujeres, en raz\u00f3n de ello otorga una beca de seis meses, durante los cuales reciben capacitaci\u00f3n para el trabajo con el prop\u00f3sito de otorgarles herramientas que faciliten su participaci\u00f3n en el \u00e1mbito laboral.<\/p>\n<p>Finalmente, Juana Castro Figueroa, beneficiaria originaria de la comunidad de Patu\u00e1n, destac\u00f3 que este apoyo econ\u00f3mico le permite respaldar a su hija para que concluya sus estudios, y solicit\u00f3 al gobernador la ampliaci\u00f3n del programa para que se diversifiquen sus beneficios.<\/p>\n<p>Al acto de entrega de becas a jefas de familia asistieron tambi\u00e9n el secretario de Gobierno, Jaime Esparza Cortina; el presidente municipal de Ziracuaretiro, Carlos Sandoval Portugal, qui\u00e9n aprovech\u00f3 para agradecer al gobernador el apoyo otorgado a los damnificados por la contingencia clim\u00e1tica, y Catalina Perea Campos, directora de la Instancia Municipal de la Mujer.<\/p>\n","protected":false},"excerpt":{"rendered":"<p>El gobernador Salvador Jara Guerrero afirm\u00f3 que las mujeres michoacanas deben ser admiradas por el gran trabajo que realizan en favor de nuestro estado, \u201cporque son ellas las que nos ayudar\u00e1n a recuperar la paz&#8221;.<\/p>\n","protected":false},"author":1,"featured_media":14126,"comment_status":"open","ping_status":"open","sticky":false,"template":"","format":"standard","meta":{"footnotes":""},"categories":[14,3],"tags":[],"class_list":["post-14125","post","type-post","status-publish","format-standard","has-post-thumbnail","hentry","category-destacadas","category-gobierno-del-estado-de-michoacan"],"_links":{"self":[{"href":"https:\/\/radiowebmx.com\/nota\/wp-json\/wp\/v2\/posts\/14125","targetHints":{"allow":["GET"]}}],"collection":[{"href":"https:\/\/radiowebmx.com\/nota\/wp-json\/wp\/v2\/posts"}],"about":[{"href":"https:\/\/radiowebmx.com\/nota\/wp-json\/wp\/v2\/types\/post"}],"author":[{"embeddable":true,"href":"https:\/\/radiowebmx.com\/nota\/wp-json\/wp\/v2\/users\/1"}],"replies":[{"embeddable":true,"href":"https:\/\/radiowebmx.com\/nota\/wp-json\/wp\/v2\/comments?post=14125"}],"version-history":[{"count":1,"href":"https:\/\/radiowebmx.com\/nota\/wp-json\/wp\/v2\/posts\/14125\/revisions"}],"predecessor-version":[{"id":14127,"href":"https:\/\/radiowebmx.com\/nota\/wp-json\/wp\/v2\/posts\/14125\/revisions\/14127"}],"wp:featuredmedia":[{"embeddable":true,"href":"https:\/\/radiowebmx.com\/nota\/wp-json\/wp\/v2\/media\/14126"}],"wp:attachment":[{"href":"https:\/\/radiowebmx.com\/nota\/wp-json\/wp\/v2\/media?parent=14125"}],"wp:term":[{"taxonomy":"category","embeddable":true,"href":"https:\/\/radiowebmx.com\/nota\/wp-json\/wp\/v2\/categories?post=14125"},{"taxonomy":"post_tag","embeddable":true,"href":"https:\/\/radiowebmx.com\/nota\/wp-json\/wp\/v2\/tags?post=14125"}],"curies":[{"name":"wp","href":"https:\/\/api.w.org\/{rel}","templated":true}]}}