{"id":14122,"date":"2015-03-25T11:24:45","date_gmt":"2015-03-25T17:24:45","guid":{"rendered":"https:\/\/radiowebmx.com\/nota\/?p=14122"},"modified":"2015-03-25T11:24:45","modified_gmt":"2015-03-25T17:24:45","slug":"grupo-de-coordinacion-se-reune-en-uruapan-con-sectores-productivos-fundacion-mexico-sos-considera-que-ciudadanos-deben-evitar-que-se-pierdan-los-avances-en-seguridad-con-el-cambio-de-gobierno","status":"publish","type":"post","link":"https:\/\/radiowebmx.com\/nota\/grupo-de-coordinacion-se-reune-en-uruapan-con-sectores-productivos-fundacion-mexico-sos-considera-que-ciudadanos-deben-evitar-que-se-pierdan-los-avances-en-seguridad-con-el-cambio-de-gobierno\/","title":{"rendered":"GRUPO DE COORDINACI\u00d3N SE RE\u00daNE EN URUAPAN CON SECTORES PRODUCTIVOS; FUNDACI\u00d3N M\u00c9XICO SOS CONSIDERA QUE CIUDADANOS DEBEN EVITAR QUE SE PIERDAN LOS AVANCES EN SEGURIDAD CON EL CAMBIO DE GOBIERNO"},"content":{"rendered":"<p>Ciudadanos que participaron en el Foro de Consulta con Sectores Productivos y Sociedad Civil, convocado por el Grupo de Coordinaci\u00f3n Michoac\u00e1n, reconocieron mejor\u00edas en las condiciones de seguridad en el estado y coincidieron en que la sociedad debe asumirse como corresponsable de garantizar que los cambios de gobiernos municipales y estatal no impliquen un retroceso en los avances logrados hasta ahora.<\/p>\n<p>El gobernador Salvador Jara Guerrero, el general Felipe Gurrola Ram\u00edrez, mando especial para la seguridad en Michoac\u00e1n y el rector de la Universidad Michoacana San Nicol\u00e1s de Hidalgo, Medardo Serna Gonz\u00e1lez, encabezaron la cuarta reuni\u00f3n de consulta ciudadana del Grupo de Coordinaci\u00f3n que se realiz\u00f3 en la Facultad de Agrobiolog\u00eda de la Universidad Michoacana de San Nicol\u00e1s de Hidalgo, en Uruapan, con la participaci\u00f3n de empresarios, l\u00edderes de organizaciones sociales, acad\u00e9micos y j\u00f3venes estudiantes, entre ellos, Roberto Ram\u00edrez Delgado, presidente de la Fundaci\u00f3n para el Desarrollo Integral de Michoac\u00e1n\u00a0 (Fucidim) y Wilfrido L\u00f3pez Padilla, presidente de Canaco Servytur Uruapan.<\/p>\n<p>Despu\u00e9s de que Gurrola Ram\u00edrez expusiera los resultados alcanzados con la estrategia de seguridad que los gobiernos federal y estatal implementan en la entidad, el gobernador destac\u00f3 que durante el tercer trimestre del a\u00f1o 2014, Michoac\u00e1n fue el segundo estado del pa\u00eds que mayor crecimiento tuvo en su econom\u00eda, y recalc\u00f3 que se debe mantener ese ritmo de crecimiento para poder superar el rezago que prevaleci\u00f3 durante varios a\u00f1os en materia econ\u00f3mica.<\/p>\n<p>Los representantes de sectores productivos y sociedad civil, coincidieron en su inter\u00e9s de que se reduzca la incidencia de delitos del fuero com\u00fan y se cambie la percepci\u00f3n que se tiene de Michoac\u00e1n en otros estados, con el prop\u00f3sito de aprovechar el potencial tur\u00edstico de la regi\u00f3n.<\/p>\n<p>En respuesta a las demandas ciudadanas, el gobernador Salvador Jara estuvo de acuerdo en instalar el pr\u00f3ximo viernes la Mesa Ciudadana de Seguridad y Justicia en Uruapan, como un espacio de participaci\u00f3n para que de manera conjunta, sociedad y gobiernos, definan pol\u00edticas y acciones dirigidas a garantizar la tranquilidad y paz de la poblaci\u00f3n.<\/p>\n<p>A manera de conclusi\u00f3n del foro, Orlando Camacho Nacenta, director de la importante Fundaci\u00f3n M\u00e9xico SOS, que tiene presencia nacional, convoc\u00f3 a los ciudadanos a reconocer los avances alcanzados en materia de seguridad, y asumirse como agentes corresponsables de que los logros alcanzados &#8220;no se nos caigan con el cambio de gobiernos, para que lo bueno se mantenga y contin\u00fae. Necesitamos exigir a los que vengan que contin\u00faen las buenas acciones y las mejoren&#8221;.<\/p>\n<p><b>AFINAN ESTRATEGIAS<\/b><\/p>\n<p>El Grupo de Coordinaci\u00f3n Michoac\u00e1n efectu\u00f3 su quinta reuni\u00f3n ordinaria en las instalaciones de la Policial Federal en Uruapan, para dar seguimiento a los acuerdos de las reuniones anteriores e implementar nuevas acciones operativas.<\/p>\n<p>La sesi\u00f3n estuvo presidida por el gobernador Salvador Jara Guerrero, con la presencia del general Felipe Gurrola Ram\u00edrez, el Almirante Arturo David Lendeche Sof\u00e1n, comandante de la VI Regi\u00f3n Naval Militar y del s\u00edndico encargado de la Presidencia Municipal de Uruapan, Gabino Gonz\u00e1lez Quintana, como invitado especial.<\/p>\n<p>Entre los temas tratados en la reuni\u00f3n se analiz\u00f3 el panorama de seguridad y gobernabilidad en la entidad, los avances en la regularizaci\u00f3n de ex autodefensas de la zona Sierra \u2013 Costa, los protocolos operativos y los resultados de las dependencias en los \u00faltimos d\u00edas, entre ellos, la progresiva desactivaci\u00f3n de barricadas que en su momento fueron instaladas.<\/p>\n<p>En la reuni\u00f3n del Grupo de Coordinaci\u00f3n estuvieron presentes el secretario de Gobierno, Jaime Esparza Cortina; Israel Galv\u00e1n Jaimes, comisario estatal de la Polic\u00eda Federal (PF) y la delegada de la Procuradur\u00eda General de la Rep\u00fablica (PGR), Berta Paredes Gardu\u00f1o.<\/p>\n<p>As\u00ed tambi\u00e9n, el procurador general de Justicia del estado, Mart\u00edn Godoy Castro; el secretario de Seguridad P\u00fablica (SSP), Javier Ocampo Garc\u00eda; el delegado del Centro de Investigaci\u00f3n y Seguridad Nacional (CISEN), Armando Del R\u00edo Leal, quien tiene a su cargo la secretar\u00eda t\u00e9cnica del Grupo de Coordinaci\u00f3n Michoac\u00e1n y Eunice Rend\u00f3n C\u00e1rdenas, directora general de Coordinaci\u00f3n Intersecretarial de la Secretar\u00eda de Gobernaci\u00f3n federal.<\/p>\n<p>Participaron tambi\u00e9n el General Bgda. D.E.M. Jos\u00e9 Francisco Morales C\u00e1zares, comandante de la 21\u00aa Zona Militar; el vicealmirante C.G. D.E.M. Alfredo Morales Mendoza, comandante de la D\u00e9cima Zona Naval Militar y Erwin Tonatiuh Ru\u00edz Delgado, jefe de estado mayor de la 43\u00aa Zona Militar.<\/p>\n<p>Adem\u00e1s asistieron como invitados, los presidentes de los \u00f3rganos electorales: el Instituto Nacional Electoral (INE), Joaqu\u00edn Rubio S\u00e1nchez y la representante del Instituto Electoral de Michoac\u00e1n (IEM), Sandra Nayeli Rangel Jim\u00e9nez.<\/p>\n<p>Los representantes federales y estatales del Grupo de Coordinaci\u00f3n de Michoac\u00e1n ratificaron su compromiso por mejorar las condiciones de seguridad en la entidad, de tal forma que se propicie el desarrollo integral, en beneficio de la sociedad michoacana, as\u00ed como dar continuidad a los esfuerzos operativos de car\u00e1cter interinstitucional.<\/p>\n","protected":false},"excerpt":{"rendered":"<p>Ciudadanos que participaron en el Foro de Consulta con Sectores Productivos y Sociedad Civil, convocado por el Grupo de Coordinaci\u00f3n Michoac\u00e1n,<\/p>\n","protected":false},"author":1,"featured_media":14123,"comment_status":"open","ping_status":"open","sticky":false,"template":"","format":"standard","meta":{"footnotes":""},"categories":[14,3],"tags":[],"class_list":["post-14122","post","type-post","status-publish","format-standard","has-post-thumbnail","hentry","category-destacadas","category-gobierno-del-estado-de-michoacan"],"_links":{"self":[{"href":"https:\/\/radiowebmx.com\/nota\/wp-json\/wp\/v2\/posts\/14122","targetHints":{"allow":["GET"]}}],"collection":[{"href":"https:\/\/radiowebmx.com\/nota\/wp-json\/wp\/v2\/posts"}],"about":[{"href":"https:\/\/radiowebmx.com\/nota\/wp-json\/wp\/v2\/types\/post"}],"author":[{"embeddable":true,"href":"https:\/\/radiowebmx.com\/nota\/wp-json\/wp\/v2\/users\/1"}],"replies":[{"embeddable":true,"href":"https:\/\/radiowebmx.com\/nota\/wp-json\/wp\/v2\/comments?post=14122"}],"version-history":[{"count":1,"href":"https:\/\/radiowebmx.com\/nota\/wp-json\/wp\/v2\/posts\/14122\/revisions"}],"predecessor-version":[{"id":14124,"href":"https:\/\/radiowebmx.com\/nota\/wp-json\/wp\/v2\/posts\/14122\/revisions\/14124"}],"wp:featuredmedia":[{"embeddable":true,"href":"https:\/\/radiowebmx.com\/nota\/wp-json\/wp\/v2\/media\/14123"}],"wp:attachment":[{"href":"https:\/\/radiowebmx.com\/nota\/wp-json\/wp\/v2\/media?parent=14122"}],"wp:term":[{"taxonomy":"category","embeddable":true,"href":"https:\/\/radiowebmx.com\/nota\/wp-json\/wp\/v2\/categories?post=14122"},{"taxonomy":"post_tag","embeddable":true,"href":"https:\/\/radiowebmx.com\/nota\/wp-json\/wp\/v2\/tags?post=14122"}],"curies":[{"name":"wp","href":"https:\/\/api.w.org\/{rel}","templated":true}]}}