{"id":14097,"date":"2015-03-25T10:44:28","date_gmt":"2015-03-25T16:44:28","guid":{"rendered":"https:\/\/radiowebmx.com\/nota\/?p=14097"},"modified":"2015-03-25T10:44:28","modified_gmt":"2015-03-25T16:44:28","slug":"evidente-la-debilidad-omision-y-malos-manejos-administrativos-en-el-gobierno-laura-gonzalez","status":"publish","type":"post","link":"https:\/\/radiowebmx.com\/nota\/evidente-la-debilidad-omision-y-malos-manejos-administrativos-en-el-gobierno-laura-gonzalez\/","title":{"rendered":"Evidente la debilidad, omisi\u00f3n y malos manejos administrativos en el Gobierno: Laura Gonz\u00e1lez"},"content":{"rendered":"<p>\u201cMichoac\u00e1n no puede seguir cargando con administraciones y gobiernos deshonestos \u00a0que lo \u00fanico que han hecho, es saquear por d\u00e9cadas las finanzas p\u00fablicas de los ciudadanos\u201d, asever\u00f3 la diputada Laura Gonz\u00e1lez Mart\u00ednez.<\/p>\n<p>Luego de que se aprobara reprobar la Cuenta P\u00fablica de la Hacienda Estatal correspondiente al Ejercicio Fiscal 2013, emanada de administraci\u00f3n priista que encabeza el titular del Ejecutivo del Estado Salvador Jara Guerrero; la Coordinadora del Grupo Parlamentario del Partido Acci\u00f3n Nacional, advirti\u00f3 que Michoac\u00e1n lleva a\u00f1os atravesando por un desastre financiero, y lament\u00f3 que el Congreso del Estado contin\u00fae evadiendo la responsabilidad de evidenciar y se\u00f1alar a los culpables del desfalco econ\u00f3mico de la entidad.<\/p>\n<p>El Poder Legislativo no puede ser omiso ante hechos que han dejado las finanzas p\u00fablicas de los michoacanos en n\u00fameros rojos recalc\u00f3, \u201cno solo hemos visto un Estado con cifras desalentadoras, donde la deuda p\u00fablica es irremediable, sino avizoramos un Estado con debilidad crediticia, donde se ha empe\u00f1ado econ\u00f3micamente por d\u00e9cadas y generaciones, para tratar de aminorar la carga y falta de desarrollo que mantiene a los michoacanos, lejos de presenciar un Michoac\u00e1n con fuerza e imagen recobrada\u201d, reiter\u00f3 la l\u00edder de los diputados del blanquiazul.<\/p>\n<p>\u201cNo podemos seguir siendo ap\u00e1ticos, cuando\u00a0existen evidencias suficientes y competentes para afirmar que el\u00a0cr\u00e9dito contratado con la instituci\u00f3n de Banco Multiva, S.A. con fecha 14 de marzo de 2013, al amparo del Decreto Legislativo 22 de fecha 26 de octubre de 2012, por 1 mil 340 millones de pesos, no fue aplicado para el financiamiento de inversiones productivas como lo estipula la Ley de Deuda P\u00fablica del Estado y el propio Decreto Legislativo 22\u201d, acot\u00f3 que Acci\u00f3n Nacional no solapar\u00e1 m\u00e1s acciones como estas que ratifican la mala voluntad de los gobiernos del PRD y del PRI en lucrar con el futuro de los michoacanos.<\/p>\n<p>La legisladora dijo, \u201cno se puede aprobar una cuenta cuando se tiene la informaci\u00f3n confiable de que existe la presunci\u00f3n de desviaci\u00f3n de recursos federales por m\u00e1s de 5 mil millones de pesos, de acuerdo a cifras publicadas por la Auditor\u00eda Superior de la Federaci\u00f3n\u201d, recalc\u00f3, argumentando que Acci\u00f3n Nacional no ser\u00e1 ventana para que los priistas y perredistas sigan enga\u00f1ando a los ciudadanos con poca transparencia y carencia de compromiso y responsabilidad que tanto han lastimado las ya precarias finanzas p\u00fablicas de Michoac\u00e1n.<\/p>\n<p>\u201cSi no contamos con informaci\u00f3n confiable que refleje razonablemente la situaci\u00f3n financiera de la hacienda estatal, dif\u00edcilmente cambiar\u00e1 el rumbo econ\u00f3mico del Estado, y su patrimonio seguir\u00e1 siendo arrastrado por decadentes gobiernos que laceran con la econom\u00eda de los michoacanos\u201d, manifest\u00f3.<\/p>\n<p>Asimismo, evidenci\u00f3 irregularidades por m\u00e1s de 15 mil 570 millones de pesos, que derivan de la contrataci\u00f3n de Deuda P\u00fablica y de la cual dijo, el Congreso del Estado desconoce su destino final o las acciones en las cuales fueron invertidos dichos recursos p\u00fablicos, as\u00ed como\u00a0m\u00e1s de 3 mil 897 millones de pesos de recursos p\u00fablicos que no fueron aplicados para los fines espec\u00edficos, establecidos en las disposiciones legales y en las reglas de operaci\u00f3n de los programas, a los cuales fueron destinados.<\/p>\n<p>Por ello, Gonz\u00e1lez Mart\u00ednez destac\u00f3 que los diputados del PAN de la actual legislatura, no ser\u00e1n c\u00f3mplices de gobiernos priistas que han sido omisos ante la d\u00e9bil administraci\u00f3n del recurso p\u00fablico del actual gobierno, ni dejar\u00e1 de se\u00f1alar la irresponsabilidad de los gobiernos perredistas que tanto da\u00f1o han hecho a los michoacanos.<\/p>\n","protected":false},"excerpt":{"rendered":"<p>\u201cMichoac\u00e1n no puede seguir cargando con administraciones y gobiernos deshonestos  que lo \u00fanico que han hecho, es saquear por d\u00e9cadas las finanzas p\u00fablicas de los ciudadanos\u201d, asever\u00f3 la diputada Laura Gonz\u00e1lez Mart\u00ednez.<\/p>\n","protected":false},"author":1,"featured_media":14098,"comment_status":"open","ping_status":"open","sticky":false,"template":"","format":"standard","meta":{"footnotes":""},"categories":[6,14,8],"tags":[],"class_list":["post-14097","post","type-post","status-publish","format-standard","has-post-thumbnail","hentry","category-congreso-del-estado","category-destacadas","category-grupo-parlamentario-del-pan"],"_links":{"self":[{"href":"https:\/\/radiowebmx.com\/nota\/wp-json\/wp\/v2\/posts\/14097","targetHints":{"allow":["GET"]}}],"collection":[{"href":"https:\/\/radiowebmx.com\/nota\/wp-json\/wp\/v2\/posts"}],"about":[{"href":"https:\/\/radiowebmx.com\/nota\/wp-json\/wp\/v2\/types\/post"}],"author":[{"embeddable":true,"href":"https:\/\/radiowebmx.com\/nota\/wp-json\/wp\/v2\/users\/1"}],"replies":[{"embeddable":true,"href":"https:\/\/radiowebmx.com\/nota\/wp-json\/wp\/v2\/comments?post=14097"}],"version-history":[{"count":1,"href":"https:\/\/radiowebmx.com\/nota\/wp-json\/wp\/v2\/posts\/14097\/revisions"}],"predecessor-version":[{"id":14099,"href":"https:\/\/radiowebmx.com\/nota\/wp-json\/wp\/v2\/posts\/14097\/revisions\/14099"}],"wp:featuredmedia":[{"embeddable":true,"href":"https:\/\/radiowebmx.com\/nota\/wp-json\/wp\/v2\/media\/14098"}],"wp:attachment":[{"href":"https:\/\/radiowebmx.com\/nota\/wp-json\/wp\/v2\/media?parent=14097"}],"wp:term":[{"taxonomy":"category","embeddable":true,"href":"https:\/\/radiowebmx.com\/nota\/wp-json\/wp\/v2\/categories?post=14097"},{"taxonomy":"post_tag","embeddable":true,"href":"https:\/\/radiowebmx.com\/nota\/wp-json\/wp\/v2\/tags?post=14097"}],"curies":[{"name":"wp","href":"https:\/\/api.w.org\/{rel}","templated":true}]}}