{"id":14094,"date":"2015-03-25T10:41:46","date_gmt":"2015-03-25T16:41:46","guid":{"rendered":"https:\/\/radiowebmx.com\/nota\/?p=14094"},"modified":"2015-03-25T10:41:46","modified_gmt":"2015-03-25T16:41:46","slug":"gobiernos-priistas-y-perredistas-no-han-sabido-ordenar-las-finanzas-de-los-michoacanos-jorge-moreno","status":"publish","type":"post","link":"https:\/\/radiowebmx.com\/nota\/gobiernos-priistas-y-perredistas-no-han-sabido-ordenar-las-finanzas-de-los-michoacanos-jorge-moreno\/","title":{"rendered":"Gobiernos priistas y perredistas no han sabido ordenar las finanzas de los michoacanos: Jorge Moreno"},"content":{"rendered":"<p>\u201cMichoac\u00e1n ya no aguanta m\u00e1s, los ciudadanos quieren un gobierno funcional, un poder legislativo de verdad y sin simulaciones\u201d, se\u00f1al\u00f3 en tribuna del Poder Legislativo, el diputado panista Jorge Moreno Mart\u00ednez, al razonar su voto a favor del dictamen que desaprueba la Cuenta P\u00fablica de la Hacienda Estatal correspondiente al Ejercicio Fiscal 2013.<\/p>\n<p>En sesi\u00f3n ordinaria de este martes, fue aprobado por los integrantes de la Septuag\u00e9sima Segunda Legislatura del Congreso del Estado, el dictamen que reprueba la Cuenta P\u00fablica de la Hacienda Estatal, correspondiente al Ejercicio Fiscal 2013, presentado por las Comisiones Unidas de la Inspectora de la Auditor\u00eda Superior de Michoac\u00e1n, as\u00ed como de Programaci\u00f3n, Presupuesto y Cuenta P\u00fablica del Poder Legislativo en la entidad.<\/p>\n<p>El diputado del blanquiazul Jorge Moreno Mart\u00ednez, se\u00f1al\u00f3 la necesidad de que el Congreso del Estado exija la ejecuci\u00f3n de sanciones pol\u00edticas, administrativas y penales que se requieren, ante el manejo desbordado e irracional que se ha tenido del recurso p\u00fablico de los michoacanos, as\u00ed como de las conductas il\u00edcitas que dicho descontrol ha acarreado al desarrollo de la entidad, subray\u00f3.<\/p>\n<p>En la m\u00e1xima tribuna del Congreso Local, el integrante de la Comisi\u00f3n Inspectora de la Auditor\u00eda Superior del Estado, indic\u00f3 la importancia de dar vista a la Procuradur\u00eda de Justicia del Estado sobre los resultados arrojados en el informe de la Cuenta P\u00fablica de la administraci\u00f3n actual, as\u00ed como tambi\u00e9n se exija a la ASM finque las responsabilidades respectivas e inicie un proceso de juicio pol\u00edtico ante la Comisi\u00f3n Jurisdiccional del Congreso, contra los responsables del mal uso de los recursos p\u00fablicos de los ciudadanos.<\/p>\n<p>&#8220;Los michoacanos necesitan un gobierno eficaz, transparente, responsable y confiable,\u00a0\u00a0no gobiernos que solo han hundido en bancarrota\u00a0a la entidad, quienes han arrojado mayor desigualdad y deudas que han trasladado a generaciones futuras\u201d, resalt\u00f3 ante los asistentes.<\/p>\n<p>Moreno Mart\u00ednez indic\u00f3 que durante los \u00faltimos a\u00f1os, los gobiernos perredistas y priistas no han comprendido que la transparencia, as\u00ed como la responsabilidad y la eficacia administrativa traen por consecuencia el desarrollo sostenible de una entidad y de sus ciudadanos,\u00a0\u201cno\u00a0es novedad decir que Michoac\u00e1n lleva a\u00f1os viviendo un desastre financiero, lo terrible es que los propios \u00d3rganos del Congreso del Estado han sido un contrapeso del Poder Ejecutivo y\u00a0 se haya declinado a la obligaci\u00f3n de velar por el dinero de los ciudadanos, de vigilar estrictamente c\u00f3mo y en qu\u00e9 se gastan sus impuestos, de estar atentos a que la administraci\u00f3n p\u00fablica cumpla con sus obligaciones; y hemos declinado porque no nos hemos atrevido a llamar a cuentas de forma decidida aquellos que han desfalcando al Estado\u201d, ataj\u00f3 el legislador oriundo de Ario de Rosales.<\/p>\n<p>Finalmente, el diputado del albiazul hizo un llamado a todos los legisladores, a que dejen de evadir\u00a0su responsabilidad como representantes de todos los ciudadanos, se\u00f1alando que Acci\u00f3n Nacional no dejar\u00e1 de exigir y velar por los intereses de las familias michoacanas.<\/p>\n","protected":false},"excerpt":{"rendered":"<p>\u201cMichoac\u00e1n ya no aguanta m\u00e1s, los ciudadanos quieren un gobierno funcional, un poder legislativo de verdad y sin simulaciones\u201d, se\u00f1al\u00f3 en tribuna del Poder Legislativo, el diputado panista Jorge Moreno Mart\u00ednez, <\/p>\n","protected":false},"author":1,"featured_media":14095,"comment_status":"open","ping_status":"open","sticky":false,"template":"","format":"standard","meta":{"footnotes":""},"categories":[6,8],"tags":[],"class_list":["post-14094","post","type-post","status-publish","format-standard","has-post-thumbnail","hentry","category-congreso-del-estado","category-grupo-parlamentario-del-pan"],"_links":{"self":[{"href":"https:\/\/radiowebmx.com\/nota\/wp-json\/wp\/v2\/posts\/14094","targetHints":{"allow":["GET"]}}],"collection":[{"href":"https:\/\/radiowebmx.com\/nota\/wp-json\/wp\/v2\/posts"}],"about":[{"href":"https:\/\/radiowebmx.com\/nota\/wp-json\/wp\/v2\/types\/post"}],"author":[{"embeddable":true,"href":"https:\/\/radiowebmx.com\/nota\/wp-json\/wp\/v2\/users\/1"}],"replies":[{"embeddable":true,"href":"https:\/\/radiowebmx.com\/nota\/wp-json\/wp\/v2\/comments?post=14094"}],"version-history":[{"count":1,"href":"https:\/\/radiowebmx.com\/nota\/wp-json\/wp\/v2\/posts\/14094\/revisions"}],"predecessor-version":[{"id":14096,"href":"https:\/\/radiowebmx.com\/nota\/wp-json\/wp\/v2\/posts\/14094\/revisions\/14096"}],"wp:featuredmedia":[{"embeddable":true,"href":"https:\/\/radiowebmx.com\/nota\/wp-json\/wp\/v2\/media\/14095"}],"wp:attachment":[{"href":"https:\/\/radiowebmx.com\/nota\/wp-json\/wp\/v2\/media?parent=14094"}],"wp:term":[{"taxonomy":"category","embeddable":true,"href":"https:\/\/radiowebmx.com\/nota\/wp-json\/wp\/v2\/categories?post=14094"},{"taxonomy":"post_tag","embeddable":true,"href":"https:\/\/radiowebmx.com\/nota\/wp-json\/wp\/v2\/tags?post=14094"}],"curies":[{"name":"wp","href":"https:\/\/api.w.org\/{rel}","templated":true}]}}